{"id":6721,"date":"2022-03-22T23:02:36","date_gmt":"2022-03-22T22:02:36","guid":{"rendered":"https:\/\/polandsoultravel.com\/krakau\/"},"modified":"2024-02-08T12:50:23","modified_gmt":"2024-02-08T11:50:23","slug":"krakau","status":"publish","type":"post","link":"https:\/\/polandsoultravel.com\/pl\/krakau\/","title":{"rendered":"Krak\u00f3w w stylu slow"},"content":{"rendered":"\r\n<p><strong>W paru s\u0142owach<br \/><\/strong><\/p>\r\n\r\n\r\n\r\n<p><img decoding=\"async\" class=\"size-medium wp-image-1358 alignleft\" src=\"https:\/\/polandsoultravel.com\/wp-content\/uploads\/2022\/03\/krakow-2893783_1920-300x198.jpg\" alt=\"\" width=\"300\" height=\"198\" srcset=\"https:\/\/polandsoultravel.com\/wp-content\/uploads\/2022\/03\/krakow-2893783_1920-300x198.jpg 300w, https:\/\/polandsoultravel.com\/wp-content\/uploads\/2022\/03\/krakow-2893783_1920-1024x676.jpg 1024w, https:\/\/polandsoultravel.com\/wp-content\/uploads\/2022\/03\/krakow-2893783_1920-768x507.jpg 768w, https:\/\/polandsoultravel.com\/wp-content\/uploads\/2022\/03\/krakow-2893783_1920-1536x1014.jpg 1536w, https:\/\/polandsoultravel.com\/wp-content\/uploads\/2022\/03\/krakow-2893783_1920.jpg 1920w\" sizes=\"(max-width: 300px) 100vw, 300px\" \/>Spomi\u0119dzy drzew w parku wystaj\u0105 wie\u017ce kr\u00f3lewskiego zamku i ko\u015bcio\u0142\u00f3w Starego Miasta. Jesieni\u0105 parkowe alejki przykrywa morze \u017c\u00f3\u0142tych li\u015bci, wiosn\u0105 i latem ziele\u0144 wiekowych drzew wdziera si\u0119 wszystkimi zmys\u0142ami do cia\u0142a. Krak\u00f3w ma wi\u0119cej ni\u017c 1000 lat historii, kilkaset tysi\u0119cy kochaj\u0105cych go na \u015bmier\u0107 i \u017cycie, przywi\u0105zanych do ka\u017cdego kamienia w centrum mieszka\u0144c\u00f3w, a tak\u017ce niezliczone zau\u0142ki, knajpki i nieoczywiste miejsca czekaj\u0105ce na Wasze odkrycie!<\/p>\r\n\r\n\r\n\r\n<p>To miejsce, w kt\u00f3rym tworzy\u0142a si\u0119 historia Polski, ale i jedno z wa\u017cniejszych centr\u00f3w kultury w Europie \u015arodkowej. Na przemian prowincjonalny i \u015bwiatowy, konserwatywny i post\u0119powy, zanurzony w mieszcza\u0144skim etosie i bez przerwy od niego uciekaj\u0105cy \u2013 dajcie si\u0119 porwa\u0107 atmosferze polskiego \u201ewiecznego miasta\u201d i sp\u0119d\u017acie w nim par\u0119 niespiesznych dni, stroni\u0105c od najcz\u0119\u015bciej obieranych szlak\u00f3w!<\/p>\r\n\r\n\r\n\r\n<div class=\"wp-block-spacer\" style=\"height: 45px;\" aria-hidden=\"true\">\u00a0<\/div>\r\n\r\n\r\n\r\n<div class=\"wp-block-image\">\r\n<figure class=\"aligncenter size-large\"><img decoding=\"async\" width=\"1024\" height=\"697\" class=\"wp-image-1057 aligncenter\" src=\"https:\/\/polandsoultravel.com\/wp-content\/uploads\/2022\/03\/krakow-g139a6b368_1920-1024x697.jpg\" alt=\"\" srcset=\"https:\/\/polandsoultravel.com\/wp-content\/uploads\/2022\/03\/krakow-g139a6b368_1920-1024x697.jpg 1024w, https:\/\/polandsoultravel.com\/wp-content\/uploads\/2022\/03\/krakow-g139a6b368_1920-300x204.jpg 300w, https:\/\/polandsoultravel.com\/wp-content\/uploads\/2022\/03\/krakow-g139a6b368_1920-768x522.jpg 768w, https:\/\/polandsoultravel.com\/wp-content\/uploads\/2022\/03\/krakow-g139a6b368_1920-1536x1045.jpg 1536w, https:\/\/polandsoultravel.com\/wp-content\/uploads\/2022\/03\/krakow-g139a6b368_1920.jpg 1920w\" sizes=\"(max-width: 1024px) 100vw, 1024px\" \/><\/figure>\r\n<\/div>\r\n\r\n\r\n\r\n<div class=\"wp-block-spacer\" style=\"height: 45px;\" aria-hidden=\"true\">\u00a0<\/div>\r\n\r\n\r\n\r\n<p><strong><b>Zanim zaczniecie zwiedzanie<\/b><\/strong><\/p>\r\n\r\n\r\n\r\n<p><b>Centrum Krakowa jest bardzo zwarte, by nie powiedzie\u0107 \u2013 ciasne.<\/b> To zas\u0142uga austriackich Habsburg\u00f3w, kt\u00f3rzy dawno temu otoczyli Krak\u00f3w pier\u015bcieniem fortyfikacji, wstrzymuj\u0105c rozw\u00f3j miasta na d\u0142ugie dekady. To, co jest przekle\u0144stwem dla kierowc\u00f3w samochod\u00f3w doceni\u0105 piesi i rowerzy\u015bci \u2013 wszystkie warte uwagi miejsca (poza dzielnic\u0105 Nowa Huta \u2013 o niej piszemy dalej) bez problemu obejdziecie na piechot\u0119 lub objedziecie na dw\u00f3ch k\u00f3\u0142kach!<\/p>\r\n\r\n\r\n\r\n<p><b>To miasto, kt\u00f3re stoi klubami i kawiarniami.<\/b> W Krakowie praktycznie na ka\u017cdym rogu znajdziecie miejsce, w kt\u00f3rym mo\u017cecie usi\u0105\u015b\u0107, wypi\u0107 kaw\u0119 i dobrze zje\u015b\u0107. Tym bardziej mo\u017cna wi\u0119c roz\u0142o\u017cy\u0107 zwiedzanie miasta na par\u0119 dni i smakowa\u0107 atrakcje powoli! Szczeg\u00f3lnie roi si\u0119 od knajpek w dawnej \u017cydowskiej dzielnicy Kazimierz. Niekt\u00f3rzy m\u00f3wi\u0105, \u017ce w Krakowie panuje \u201e\u015br\u00f3dziemnomorska\u201d kultura kawiarniana. Czy s\u0142usznie? Przekonajcie si\u0119 sami!<\/p>\r\n<p>&nbsp;<\/p>\r\n<p><b>Chwila na Wawelu<\/b><\/p>\r\n<p><span style=\"font-weight: 400;\"><img decoding=\"async\" class=\"size-medium wp-image-1359 alignleft\" src=\"https:\/\/polandsoultravel.com\/wp-content\/uploads\/2022\/03\/paulina-kaminska-RhY0q0N2WXk-unsplash-225x300.jpg\" alt=\"\" width=\"225\" height=\"300\" srcset=\"https:\/\/polandsoultravel.com\/wp-content\/uploads\/2022\/03\/paulina-kaminska-RhY0q0N2WXk-unsplash-225x300.jpg 225w, https:\/\/polandsoultravel.com\/wp-content\/uploads\/2022\/03\/paulina-kaminska-RhY0q0N2WXk-unsplash-768x1024.jpg 768w, https:\/\/polandsoultravel.com\/wp-content\/uploads\/2022\/03\/paulina-kaminska-RhY0q0N2WXk-unsplash-1152x1536.jpg 1152w, https:\/\/polandsoultravel.com\/wp-content\/uploads\/2022\/03\/paulina-kaminska-RhY0q0N2WXk-unsplash.jpg 1536w\" sizes=\"(max-width: 225px) 100vw, 225px\" \/><\/span>Serce Krakowa unosi si\u0119 kilkadziesi\u0105t metr\u00f3w ponad nim, na wzg\u00f3rzu Wawel. Znajduje si\u0119 na nim <b>zamek kr\u00f3lewski<\/b>, kt\u00f3ry najwi\u0119cej zawdzi\u0119cza rozmi\u0142owanemu we w\u0142oskim renesansie kr\u00f3lowi Zygmuntowi Staremu. Ozdob\u0105 zbior\u00f3w zamkowego muzeum jest kolekcja <b>arras\u00f3w<\/b> \u2013 monumentalnych \u015bciennych tkanin, jakie zam\u00f3wi\u0142 jego syn, Zygmunt August w najlepszych warsztatach Niderland\u00f3w. Niezwyk\u0142ymi kolejami losu przetrwa\u0142y do dzisiaj.<\/p>\r\n<p>Na wie\u017cy zamkowej katedry wisi pot\u0119\u017cny 500-letni <b>Dzwon Zygmunt<\/b>, odlany w Norymberdze na zam\u00f3wienie Zygmunta Starego. Bije tylko przy rzadkich, szczeg\u00f3lnych okazjach. Na wie\u017c\u0119 mo\u017cna wej\u015b\u0107 w\u0105skimi drewnianymi schodkami, roztacza si\u0119 stamt\u0105d szeroki widok na miasto.<\/p>\r\n<p><span style=\"font-weight: 400;\"><img decoding=\"async\" class=\"size-medium wp-image-1360 alignright\" src=\"https:\/\/polandsoultravel.com\/wp-content\/uploads\/2022\/03\/maksym-harbar-Yd3P36KzMvg-unsplash-225x300.jpg\" alt=\"\" width=\"225\" height=\"300\" srcset=\"https:\/\/polandsoultravel.com\/wp-content\/uploads\/2022\/03\/maksym-harbar-Yd3P36KzMvg-unsplash-225x300.jpg 225w, https:\/\/polandsoultravel.com\/wp-content\/uploads\/2022\/03\/maksym-harbar-Yd3P36KzMvg-unsplash-768x1024.jpg 768w, https:\/\/polandsoultravel.com\/wp-content\/uploads\/2022\/03\/maksym-harbar-Yd3P36KzMvg-unsplash-1152x1536.jpg 1152w, https:\/\/polandsoultravel.com\/wp-content\/uploads\/2022\/03\/maksym-harbar-Yd3P36KzMvg-unsplash.jpg 1536w\" sizes=\"(max-width: 225px) 100vw, 225px\" \/><\/span>Pod zamkiem znajdziecie pomnik ziej\u0105cego ogniem <b>smoka<\/b>. To echo legendy, kt\u00f3r\u0105 recytuj\u0105 z pami\u0119ci przedszkolaki w Krakowie i ca\u0142ym kraju. Bestia mia\u0142a straszy\u0107 mieszka\u0144c\u00f3w, a\u017c sprytny szewc podstawi\u0142 jej pod nos atrap\u0119 owcy wype\u0142nionej siark\u0105. Efekt przypomina\u0142 przedawkowanie papryczek japale\u00f1o w restauracji \u2013 smok \u0142apczywie wypi\u0142 ca\u0142\u0105 wod\u0119 z przep\u0142ywaj\u0105cej poni\u017cej rzeki, po czym eksplodowa\u0142. Jak by\u0142o naprawd\u0119, oczywi\u015bcie si\u0119 nie dowiemy, ale widok miasta spod st\u00f3p \u201csmoka\u201d jest wart kr\u00f3tkiego spaceru!<\/p>\r\n<p>&nbsp;<\/p>\r\n<p><a href=\"https:\/\/wawel.krakow.pl\/\"><span style=\"font-weight: 400;\">Strona internetowa Zamku Kr\u00f3lewskiego na Wawelu<\/span><\/a><\/p>\r\n<p>&nbsp;<\/p>\r\n<p><b>Chwila na Rynku G\u0142\u00f3wnym<\/b><\/p>\r\n<p><span style=\"font-weight: 400;\"><img decoding=\"async\" class=\"size-medium wp-image-1361 alignleft\" src=\"https:\/\/polandsoultravel.com\/wp-content\/uploads\/2022\/03\/main-market-gfbdfb54dc_1920-2-300x199.jpg\" alt=\"\" width=\"300\" height=\"199\" srcset=\"https:\/\/polandsoultravel.com\/wp-content\/uploads\/2022\/03\/main-market-gfbdfb54dc_1920-2-300x199.jpg 300w, https:\/\/polandsoultravel.com\/wp-content\/uploads\/2022\/03\/main-market-gfbdfb54dc_1920-2-1024x681.jpg 1024w, https:\/\/polandsoultravel.com\/wp-content\/uploads\/2022\/03\/main-market-gfbdfb54dc_1920-2-768x510.jpg 768w, https:\/\/polandsoultravel.com\/wp-content\/uploads\/2022\/03\/main-market-gfbdfb54dc_1920-2-1536x1021.jpg 1536w, https:\/\/polandsoultravel.com\/wp-content\/uploads\/2022\/03\/main-market-gfbdfb54dc_1920-2.jpg 1920w\" sizes=\"(max-width: 300px) 100vw, 300px\" \/><\/span>Spod zamku ulice Grodzka i Kanonicza prowadz\u0105 na <b>Rynek G\u0142\u00f3wny<\/b> \u2013 najwi\u0119kszy plac \u015bredniowiecznej Europy. W sezonie bywa tu t\u0142oczno. Przed pandemi\u0105 koronawirusa Krak\u00f3w odwiedza\u0142o ponad 10 milion\u00f3w turyst\u00f3w rocznie! Niezale\u017cnie od t\u0142um\u00f3w, miejsce robi wra\u017cenie. To symbol miasta, widoczny nawet w jego logotypie i przedmiot nies\u0142abn\u0105cej dumy mieszka\u0144c\u00f3w. Ca\u0142e \u015bredniowieczne centrum Krakowa to unikalne jak na owe czasy urbanistyczne za\u0142o\u017cenie \u2013 ulice przecina\u0142y si\u0119 pod k\u0105tem prostym na d\u0142ugo, zanim powsta\u0142y pierwsze wie\u017cowce na Manhattanie.<\/p>\r\n<p><span style=\"font-weight: 400;\">Polecamy po\u015bwi\u0119ci\u0107 dwie godziny na zwiedzanie <b>podziemi Rynku<\/b>. Mie\u015bci si\u0119 tam swoiste podziemne miasto \u2013 pozosta\u0142o\u015bci \u015bredniowiecznej osady sprzed okresu wytyczenia placu. Na multimedialnej wystawie poznacie pr\u0119\u017cny kupiecki o\u015brodek, najdalej na po\u0142udnie wysuni\u0119te miasto zwi\u0105zku Hanzy, w kt\u00f3rym osiedlali si\u0119 przybysze z ca\u0142ej Europy. Zobaczycie dawnych mieszka\u0144c\u00f3w, a dzieci pogrzebi\u0105 w poszukiwaniu skarb\u00f3w w wirtualnej piaskownicy.<\/span><\/p>\r\n<p><span style=\"font-weight: 400;\"><a href=\"https:\/\/muzeumkrakowa.pl\/wystawy\/sladem-europejskiej-tozsamosci-krakowa\">Zwiedzanie podziemi Rynku<\/a><\/span><\/p>\r\n<p><span style=\"font-weight: 400;\"><img decoding=\"async\" class=\"size-medium wp-image-1362 alignright\" src=\"https:\/\/polandsoultravel.com\/wp-content\/uploads\/2022\/03\/krakow-2861648_1920-300x200.jpg\" alt=\"\" width=\"300\" height=\"200\" srcset=\"https:\/\/polandsoultravel.com\/wp-content\/uploads\/2022\/03\/krakow-2861648_1920-300x200.jpg 300w, https:\/\/polandsoultravel.com\/wp-content\/uploads\/2022\/03\/krakow-2861648_1920-1024x683.jpg 1024w, https:\/\/polandsoultravel.com\/wp-content\/uploads\/2022\/03\/krakow-2861648_1920-768x512.jpg 768w, https:\/\/polandsoultravel.com\/wp-content\/uploads\/2022\/03\/krakow-2861648_1920-1536x1024.jpg 1536w, https:\/\/polandsoultravel.com\/wp-content\/uploads\/2022\/03\/krakow-2861648_1920.jpg 1920w\" sizes=\"(max-width: 300px) 100vw, 300px\" \/><\/span>Przy rynku stoi <b>Ko\u015bci\u00f3\u0142 Mariacki<\/b> \u2013 symbol dawnej chwa\u0142y krakowskiego mieszcza\u0144stwa. Ze szczytu wie\u017cy co godzin\u0119 tr\u0119bacz odgrywa na cztery strony \u015bwiata melodi\u0119 zwan\u0105 <b>hejna\u0142em mariackim<\/b>. To dawne zawo\u0142anie do obrony przed naje\u017ad\u017acami. Melodia urywa si\u0119 nagle i niespodziewanie, co wi\u0105\u017ce si\u0119 z inn\u0105 lokaln\u0105 legend\u0105 \u2013 podobno w tr\u0119bacza trafi\u0142a strza\u0142a wypuszczona z \u0142uku tatarskich naje\u017ad\u017ac\u00f3w, oblegaj\u0105cych Krak\u00f3w w XIII wieku. W \u015brodku \u015bwi\u0105tyni warto rzuci\u0107 okiem na drewniany <b>o\u0142tarz <\/b>d\u0142uta Wita Stwosza \u2013 rze\u017abiarskiego mistrza z Norymbergi. Tr\u00f3jwymiarowa kompozycja wystrugana z blok\u00f3w drzewa lipowego to arcydzie\u0142o gotyckiej sztuki sakralnej Europy.<\/p>\r\n<p>&nbsp;<\/p>\r\n<p><b>Przerwa na kaw\u0119!<\/b><\/p>\r\n<p><span style=\"font-weight: 400;\"><img decoding=\"async\" class=\"size-medium wp-image-1363 alignleft\" src=\"https:\/\/polandsoultravel.com\/wp-content\/uploads\/2022\/03\/mateo-fernandez-PXsoCoa_pxc-unsplash-225x300.jpg\" alt=\"\" width=\"225\" height=\"300\" srcset=\"https:\/\/polandsoultravel.com\/wp-content\/uploads\/2022\/03\/mateo-fernandez-PXsoCoa_pxc-unsplash-225x300.jpg 225w, https:\/\/polandsoultravel.com\/wp-content\/uploads\/2022\/03\/mateo-fernandez-PXsoCoa_pxc-unsplash-768x1024.jpg 768w, https:\/\/polandsoultravel.com\/wp-content\/uploads\/2022\/03\/mateo-fernandez-PXsoCoa_pxc-unsplash-1152x1536.jpg 1152w, https:\/\/polandsoultravel.com\/wp-content\/uploads\/2022\/03\/mateo-fernandez-PXsoCoa_pxc-unsplash.jpg 1536w\" sizes=\"(max-width: 225px) 100vw, 225px\" \/><\/span>To dobry moment na pierwsz\u0105 kawow\u0105 pauz\u0119. Ma\u0142a, zaciszna<b> Bracka<\/b> to chyba najbardziej krakowska z krakowskich uliczek. Rozs\u0142awiona piosenkami lokalnych bard\u00f3w, kusi przytulnymi knajpkami, w kt\u00f3rych czas stan\u0105\u0142 w miejscu. Polecamy przystanek w kawiarni <b>Nowa Prowincja<\/b> \u2013 ulubionym miejscu tutejszych literat\u00f3w. Bywa\u0142a tu <b>Wis\u0142awa Szymborska<\/b>, ukochana przez krakowian poetka nagrodzona literackim Noblem.<\/p>\r\n<p>10 minut spacerem dalej, przy ulicy Felicjanek znajdziecie wspania\u0142\u0105 <b>ksi\u0119garnio-kawiarni\u0119 Massolit<\/b> z klimatem przedwojennego ameryka\u0144skiego jazzu i spor\u0105 ofert\u0105 ksi\u0105\u017cek po angielsku. To rejon miasta zwi\u0105zany z dzia\u0142alno\u015bci\u0105 uniwersytetu \u2013 tutejszy <b>Uniwersytet Jagiello\u0144ski<\/b> to druga najstarsza uczelnia wy\u017csza w Europie \u015arodkowej. Studiowali na niej Miko\u0142aj Kopernik (ten, kt\u00f3ry jako pierwszy przekonywa\u0142, \u017ce to ziemia kr\u0105\u017cy wok\u00f3\u0142 s\u0142o\u0144ca, a nie na odwr\u00f3t) czy Bronis\u0142aw Malinowski \u2013 ojciec wsp\u00f3\u0142czesnej antropologii. W ksi\u0119garni mo\u017cecie kupi\u0107 przek\u0142ady polskiej literatury na angielski.<\/p>\r\n<p>&nbsp;<\/p>\r\n<p><b>Przy \u201eDamie z gronostajem\u201d<\/b><\/p>\r\n<p><span style=\"font-weight: 400;\">Jedno z muze\u00f3w centrum Krakowa skrywa skarb na miar\u0119 Luwru \u2013 portret <b>damy z gronostajem<\/b> p\u0119dzla Leonardo da Vinci. To cz\u0119\u015b\u0107 kolekcji szlacheckiej rodziny Czartoryskich, kt\u00f3r\u0105 obecnie opiekuje si\u0119 pa\u0144stwo. <b>Muzeum Ksi\u0105\u017c\u0105t Czartoryskich<\/b> nie jest wielkie, ale przyjemnie urz\u0105dzone i o\u015bwietlone. Obok \u015bredniowiecznych i renesansowych obraz\u00f3w i rycin, zwracaj\u0105 uwag\u0119 zbiory sztuki staro\u017cytnej i orientalnej.<\/span><\/p>\r\n<p><a href=\"https:\/\/mnk.pl\/oddzial\/mnk-muzeum-czartoryskich\"><span style=\"font-weight: 400;\">Zwiedzanie Muzeum Czartoryskich<\/span><\/a><\/p>\r\n<p>&nbsp;<\/p>\r\n<p><b>W stron\u0119 dzielnicy \u017cydowskiej<\/b><\/p>\r\n<p><span style=\"font-weight: 400;\"><img decoding=\"async\" class=\"size-medium wp-image-1365 alignleft\" src=\"https:\/\/polandsoultravel.com\/wp-content\/uploads\/2022\/03\/krakow-1102448_1920-300x163.jpg\" alt=\"\" width=\"300\" height=\"163\" srcset=\"https:\/\/polandsoultravel.com\/wp-content\/uploads\/2022\/03\/krakow-1102448_1920-300x163.jpg 300w, https:\/\/polandsoultravel.com\/wp-content\/uploads\/2022\/03\/krakow-1102448_1920-1024x557.jpg 1024w, https:\/\/polandsoultravel.com\/wp-content\/uploads\/2022\/03\/krakow-1102448_1920-768x418.jpg 768w, https:\/\/polandsoultravel.com\/wp-content\/uploads\/2022\/03\/krakow-1102448_1920-1536x835.jpg 1536w, https:\/\/polandsoultravel.com\/wp-content\/uploads\/2022\/03\/krakow-1102448_1920.jpg 1920w\" sizes=\"(max-width: 300px) 100vw, 300px\" \/><\/span><\/p>\r\n<p>Sercem m\u0142odego Krakowa sta\u0142a si\u0119 w ostatnich latach <b>dzielnica Kazimierz<\/b> \u2013 niegdy\u015b osobne miasto, w kt\u00f3rym funkcjonowa\u0142a zwarta dzielnica \u017cydowska. Nie ma w Europie (mo\u017ce poza praskim Josefovem) drugiego podobnego miejsca koncentracji zabytkowych synagog i pami\u0105tek po licznej niegdy\u015b spo\u0142eczno\u015bci polskich \u017byd\u00f3w. Swoje kroki skierujcie szczeg\u00f3lnie do najstarszej <b>synagogi Remu<\/b>, przy kt\u00f3rej pochowany jest rabin Mosze Isserles \u2013 znany i ceniony przez pobo\u017cnych \u017byd\u00f3w komentator Biblii. Na s\u0105siednim cmentarzu cz\u0119sto mo\u017cna spotka\u0107 wycieczki z ca\u0142ego \u015bwiata, zostawiaj\u0105ce na grobie krakowskiego m\u0119drca kamienie.<\/p>\r\n<p>Po drugiej stronie ulicy Szerokiej, w dawnej <b>synagodze Poppera<\/b> znajdziecie ksi\u0119garni\u0119 z ogromnym wyborem pami\u0105tek i wieloj\u0119zycznych ksi\u0105\u017cek o tematyce \u017cydowskiej.<\/p>\r\n<p><span style=\"font-weight: 400;\"><img decoding=\"async\" class=\"size-medium wp-image-1366 alignright\" src=\"https:\/\/polandsoultravel.com\/wp-content\/uploads\/2022\/03\/mika-ju_8CFxk6_o-unsplash-1-200x300.jpg\" alt=\"\" width=\"200\" height=\"300\" srcset=\"https:\/\/polandsoultravel.com\/wp-content\/uploads\/2022\/03\/mika-ju_8CFxk6_o-unsplash-1-200x300.jpg 200w, https:\/\/polandsoultravel.com\/wp-content\/uploads\/2022\/03\/mika-ju_8CFxk6_o-unsplash-1-683x1024.jpg 683w, https:\/\/polandsoultravel.com\/wp-content\/uploads\/2022\/03\/mika-ju_8CFxk6_o-unsplash-1-768x1152.jpg 768w, https:\/\/polandsoultravel.com\/wp-content\/uploads\/2022\/03\/mika-ju_8CFxk6_o-unsplash-1-1024x1536.jpg 1024w, https:\/\/polandsoultravel.com\/wp-content\/uploads\/2022\/03\/mika-ju_8CFxk6_o-unsplash-1-scaled.jpg 1366w\" sizes=\"(max-width: 200px) 100vw, 200px\" \/><\/span>Kilka krok\u00f3w dalej, na <b>Placu Nowym<\/b> toczy si\u0119 dzisiaj \u017cycie nocnego Krakowa. Na niezwyk\u0142ym targowisku wok\u00f3\u0142 charakterystycznego, okr\u0105g\u0142ego budynku starej rze\u017ani panuje atmosfera orientalnego bazaru \u2013 przez ca\u0142y dzie\u0144 mo\u017cecie tam kupi\u0107 antyki, p\u0142yty winylowe, stare ksi\u0105\u017cki i rozmaite pami\u0105tki, ale tak\u017ce skosztowa\u0107 ulicznego jedzenia. Hitem ostatnich lat sta\u0142y si\u0119 <b>zapiekanki <\/b>-przekrojone na p\u00f3\u0142 bagietki przypieczone z serem i rozmaitymi dodatkami. Idealna propozycja na wiecz\u00f3r sp\u0119dzony na mie\u015bcie!<\/p>\r\n<p>Plac Nowy g\u0119sto otaczaj\u0105 kluby i kawiarnie. Do najbardziej lubianych przez mieszka\u0144c\u00f3w nale\u017c\u0105 <b>Alchemia<\/b>, stylizowany na francuski bar <b>Kolory<\/b> czy po\u0142o\u017cona w bocznej uliczce <b>Mleczarnia<\/b>. Klimatyczne podw\u00f3rko przy ostatniej z tych knajp przypomni Wam by\u0107 mo\u017ce jedn\u0105 scen\u0119 z filmu \u201eLista Schindlera\u201d. Ale o tym dalej!<\/p>\r\n<p>&nbsp;<\/p>\r\n<p><b>Za rzek\u0119<\/b><\/p>\r\n<p><img decoding=\"async\" class=\"size-medium wp-image-1367\" src=\"https:\/\/polandsoultravel.com\/wp-content\/uploads\/2022\/03\/wawel-castle-vistula-river-krako_255dca7d-300x200.jpg\" alt=\"\" width=\"300\" height=\"200\" srcset=\"https:\/\/polandsoultravel.com\/wp-content\/uploads\/2022\/03\/wawel-castle-vistula-river-krako_255dca7d-300x200.jpg 300w, https:\/\/polandsoultravel.com\/wp-content\/uploads\/2022\/03\/wawel-castle-vistula-river-krako_255dca7d-1024x682.jpg 1024w, https:\/\/polandsoultravel.com\/wp-content\/uploads\/2022\/03\/wawel-castle-vistula-river-krako_255dca7d-768x512.jpg 768w, https:\/\/polandsoultravel.com\/wp-content\/uploads\/2022\/03\/wawel-castle-vistula-river-krako_255dca7d-1536x1024.jpg 1536w, https:\/\/polandsoultravel.com\/wp-content\/uploads\/2022\/03\/wawel-castle-vistula-river-krako_255dca7d.jpg 2048w\" sizes=\"(max-width: 300px) 100vw, 300px\" \/><\/p>\r\n<p>Kilka lat temu w\u0142adze miasta postawi\u0142y k\u0142adk\u0119 na rzece Wis\u0142a, kt\u00f3ra po\u0142\u0105czy\u0142a dzielnice Kazimierz i Podg\u00f3rze. Mo\u017cna powiedzie\u0107, \u017ce by\u0142 to strza\u0142 w dziesi\u0105tk\u0119 \u2013 tereny wok\u00f3\u0142 <b>K\u0142adki Bernatka<\/b> to dzi\u015b jedno z najpopularniejszych miejsc spacerowych.<\/p>\r\n<p><span style=\"font-weight: 400;\">Prawobrze\u017cna <b>dzielnica Podg\u00f3rze<\/b> powsta\u0142a z inicjatywy Austriak\u00f3w, rz\u0105dz\u0105cych Krakowem i regionem dawnej Galicji przez ca\u0142y XIX wiek, jako osobne, z pocz\u0105tku konkurencyjne miasto. Rz\u0105dy austriackie s\u0105 dzi\u015b wspominane przez wielu krakowian z pewnym sentymentem \u2013 polityka narodowo\u015bciowa Habsburg\u00f3w by\u0142a liberalna, rozwija\u0142o si\u0119 \u017cycie intelektualne, a Krak\u00f3w by\u0142 g\u0142\u00f3wnym o\u015brodkiem kultury polskiej. <\/span><\/p>\r\n<p>Zaniedbane w czasie komunizmu Podg\u00f3rze to dzi\u015b klimatyczna dzielnica pe\u0142na designerskich sklep\u00f3w i kawiarni, malowniczo po\u0142o\u017cona pod parkowym wzg\u00f3rzem Krzemionki. W\u0142adze miasta od lat prowadz\u0105 program rewitalizacji tej cz\u0119\u015bci Krakowa, kt\u00f3rego efektem jest mi\u0119dzy innymi kilka ciekawych muze\u00f3w.<\/p>\r\n<p>&nbsp;<\/p>\r\n<p><b>Krakowski \u201ekwarta\u0142 muze\u00f3w\u201d <\/b>(per analogiam MuseumsQuartier w Wiedniu)<\/p>\r\n<p>Znacie film Stevena Spielberga o niemieckim przedsi\u0119biorcy zatrudniaj\u0105cym w swoim zak\u0142adzie \u017byd\u00f3w \u2013 i przez to ratuj\u0105cych ich przed Zag\u0142ad\u0105? Historia <b>Oskara Schindlera<\/b> wydarzy\u0142a si\u0119 naprawd\u0119, a jego <b>fabryk\u0119 <\/b>mo\u017cecie zwiedza\u0107 w czasie spaceru po prawobrze\u017cnej cz\u0119\u015bci miasta. Dzi\u015b mie\u015bci si\u0119 w niej poruszaj\u0105ca wystawa, na kt\u00f3rej poznacie mroczne czasy hitlerowskiej okupacji w Krakowie. Obok, jakby dla przeciwwagi mie\u015bci si\u0119 nowoczesny budynek <b>Muzeum Sztuki Wsp\u00f3\u0142czesnej<\/b>, kt\u00f3ry przyci\u0105ga tematycznymi wystawami wsp\u00f3\u0142czesnych polskich artyst\u00f3w. Innym wartym odwiedzenia muzeum jest <b>Cricoteka<\/b>. W nietypowym, nagradzanym budynku, w kt\u00f3rym niekt\u00f3rzy widz\u0105 g\u0142\u00f3wnie zardzewia\u0142e \u015bciany mie\u015bci si\u0119 dzi\u015b muzeum po\u015bwi\u0119cone postaci Tadeusza Kantora \u2013 polskiego wizjonera teatru doby Becketta i Ionesco.<\/p>\r\n<p><a href=\"https:\/\/muzeumkrakowa.pl\/wystawy\/krakow-czas-okupacji-1939-1945-1\"><span style=\"font-weight: 400;\">Zwiedzanie Fabryki Emalia Oskara Schindlera<\/span><\/a><\/p>\r\n<p><span style=\"font-weight: 400;\"><a href=\"https:\/\/mocak.pl\/\">Strona internetowa Muzeum Sztuki Wsp\u00f3\u0142czesnej MOCAK<\/a><\/span><\/p>\r\n<p><a href=\"https:\/\/www.cricoteka.pl\/\"><span style=\"font-weight: 400;\">Strona internetowa Cricoteki <\/span><\/a><\/p>\r\n<p>&nbsp;<\/p>\r\n<p><span style=\"font-weight: 400;\">Spacer po centrum Krakowa mo\u017cecie zako\u0144czy\u0107 wycieczk\u0105 na nieodleg\u0142y <b>kopiec Kraka<\/b>. Ten tajemniczy prehistoryczny obiekt, najprawdopodobniej kurhan dominuje nad dzielnic\u0105 Podg\u00f3rze i jest popularnym miejscem rekreacji krakowian. Ze szczytu zobaczycie wie\u017ce historycznego centrum, a z drugiej strony \u2013 pot\u0119\u017cny, nieczynny kamienio\u0142om, w kt\u00f3rym Spielberg umie\u015bci\u0142 sceny z obozu koncentracyjnego Krak\u00f3w-P\u0142asz\u00f3w. Tak naprawd\u0119 ob\u00f3z znajdowa\u0142 si\u0119 kawa\u0142ek dalej, a kamienio\u0142om by\u0142 miejscem kator\u017cniczej pracy wi\u0119\u017ani\u00f3w. Dzi\u015b to poruszaj\u0105ce miejsce zagarn\u0119\u0142a dla siebie natura. <\/span><\/p>\r\n<p>&nbsp;<\/p>\r\n<p><strong><b>Nowa Huta: alter ego Krakowa<\/b><\/strong><\/p>\r\n<p>Po\u0142o\u017cona na wsch\u00f3d od centrum <b>dzielnica Nowa Huta<\/b> to owoc niezwyk\u0142ego eksperymentu komunistycznych w\u0142adz Polski z II po\u0142owy XX wieku. Powsta\u0142o tam wzorcowe robotnicze miasto, obs\u0142uguj\u0105ce s\u0105siedni kombinat metalurgiczny. Mia\u0142o by\u0107 przeciwwag\u0105 dla uwa\u017canego za konserwatywny, bur\u017cuazyjnego Krakowa. Wyj\u0119te z plan\u00f3w renesansowych urbanist\u00f3w, symetrycznie rozchodz\u0105ce si\u0119 ulice by\u0142y do\u015b\u0107 szerokie, by pomie\u015bci\u0107 kolumny wojsk i czo\u0142g\u00f3w \u2013 na wypadek ewentualnego buntu.<\/p>\r\n<p>Dzi\u015b Nowa Huta to dzielnica modna szczeg\u00f3lnie w\u015br\u00f3d m\u0142odych mieszka\u0144c\u00f3w, typowana w zestawieniach dziennika \u201eThe Guardian\u201d jako jedno z lepszych miejsc do \u017cycia w Europie. Wszystko mo\u017cna za\u0142atwi\u0107 w czasie 15-minutowego spaceru, jest tu zielono, i dla kontrastu ze starym Krakowem \u2013 przestronnie.<\/p>\r\n<p>Nowym turystycznym odkryciem sta\u0142 si\u0119 w ostatnim czasie <b>system bunkr\u00f3w<\/b>, jaki stworzy\u0142y pod Now\u0105 Hut\u0105 komunistyczne w\u0142adze. Monumentalny bunkier pod budynkiem siedziby huty to prawdziwa gratka dla mi\u0142o\u015bnik\u00f3w historii czasu zimnej wojny \u2013 kompletnie zachowana, przeciwatomowa konstrukcja zdolna nie tylko pomie\u015bci\u0107 setki ludzi, ale stworzy\u0107 im warunki do \u017cycia pod ziemi\u0105. Wszystko wygl\u0105da, jakby bunkier zosta\u0142 opuszczony dos\u0142ownie wczoraj. Wycieczki po nowohuckich bunkrach organizuje prowadzone przez lokalnych pasjonat\u00f3w historii biuro <b>Nowa Huta Travel<\/b>.<\/p>\r\n<p>&nbsp;<\/p>\r\n<p><b>Festiwale, festiwale, festiwale<\/b><\/p>\r\n<p>Krak\u00f3w to miasto, kt\u00f3re festiwalami stoi. Podobnie jak chocia\u017cby w Edynburgu odbywa si\u0119 tu kilkaset imprez kulturalnych rocznie. Szczeg\u00f3lnie warto przyjecha\u0107 tu pod koniec czerwca, kiedy w dzielnicy Kazimierz odbywa si\u0119 <b>Festiwal Kultury \u017bydowskiej<\/b>. Koncerty na ulicach i w synagogach z udzia\u0142em artyst\u00f3w z ca\u0142ego \u015bwiata zapami\u0119tacie na d\u0142ugo. Tu\u017c potem w tej samej cz\u0119\u015bci miasta odbywa si\u0119 festiwal <b>EtnoKrak\u00f3w<\/b>, prezentuj\u0105cy muzyk\u0119 world.<\/p>\r\n<p>Znakomit\u0105 propozycj\u0105 dla fan\u00f3w dobrej elektroniki jest jesienny festiwal <b>UNSOUND<\/b>. Z kolei ci z Was, kt\u00f3rym bli\u017cej do klasyki doceni\u0105 wielkanocny festiwal <b>Misteria Paschalia<\/b>, podczas kt\u00f3rego gotyckie ko\u015bcio\u0142y starego centrum rozbrzmiewaj\u0105 muzyk\u0105 dawn\u0105.<\/p>\r\n<p><a href=\"https:\/\/www.jewishfestival.pl\">Strona internetowa Festiwalu Kultury \u017bydowskiej<\/a><\/p>\r\n<p><a href=\"http:\/\/www.etnokrakow.pl\">Strona internetowa festiwalu EtnoKrak\u00f3w<\/a><\/p>\r\n<p><a href=\"https:\/\/www.unsound.pl\/\">Strona internetowa UNSOUND Festival<\/a><\/p>\r\n<p><a href=\"http:\/\/misteriapaschalia.com\">Strona internetowa festiwalu Misteria Paschalia<\/a><\/p>\r\n<p>&nbsp;<\/p>\r\n","protected":false},"excerpt":{"rendered":"<p>W paru s\u0142owach Spomi\u0119dzy drzew w parku wystaj\u0105 wie\u017ce kr\u00f3lewskiego zamku i ko\u015bcio\u0142\u00f3w Starego Miasta. Jesieni\u0105 parkowe alejki przykrywa morze \u017c\u00f3\u0142tych li\u015bci, wiosn\u0105 i latem ziele\u0144 wiekowych drzew wdziera si\u0119 wszystkimi zmys\u0142ami do cia\u0142a. Krak\u00f3w ma wi\u0119cej ni\u017c 1000 lat historii, kilkaset tysi\u0119cy kochaj\u0105cych go na \u015bmier\u0107 i \u017cycie, przywi\u0105zanych do ka\u017cdego kamienia w centrum [&hellip;]<\/p>\n","protected":false},"author":5,"featured_media":6310,"comment_status":"open","ping_status":"open","sticky":false,"template":"","format":"standard","meta":{"_acf_changed":false,"footnotes":""},"categories":[41],"tags":[],"class_list":["post-6721","post","type-post","status-publish","format-standard","has-post-thumbnail","hentry","category-miasta-pl"],"acf":[],"yoast_head":"<!-- This site is optimized with the Yoast SEO plugin v24.4 - https:\/\/yoast.com\/wordpress\/plugins\/seo\/ -->\n<title>Krak\u00f3w w stylu slow - Poland Soul Travel - Poland. Come Closer.<\/title>\n<meta name=\"robots\" content=\"index, follow, max-snippet:-1, max-image-preview:large, max-video-preview:-1\" \/>\n<link rel=\"canonical\" href=\"https:\/\/polandsoultravel.com\/pl\/krakau\/\" \/>\n<meta property=\"og:locale\" content=\"pl_PL\" \/>\n<meta property=\"og:type\" content=\"article\" \/>\n<meta property=\"og:title\" content=\"Krak\u00f3w w stylu slow - Poland Soul Travel - Poland. Come Closer.\" \/>\n<meta property=\"og:description\" content=\"W paru s\u0142owach Spomi\u0119dzy drzew w parku wystaj\u0105 wie\u017ce kr\u00f3lewskiego zamku i ko\u015bcio\u0142\u00f3w Starego Miasta. Jesieni\u0105 parkowe alejki przykrywa morze \u017c\u00f3\u0142tych li\u015bci, wiosn\u0105 i latem ziele\u0144 wiekowych drzew wdziera si\u0119 wszystkimi zmys\u0142ami do cia\u0142a. Krak\u00f3w ma wi\u0119cej ni\u017c 1000 lat historii, kilkaset tysi\u0119cy kochaj\u0105cych go na \u015bmier\u0107 i \u017cycie, przywi\u0105zanych do ka\u017cdego kamienia w centrum [&hellip;]\" \/>\n<meta property=\"og:url\" content=\"https:\/\/polandsoultravel.com\/pl\/krakau\/\" \/>\n<meta property=\"og:site_name\" content=\"Poland Soul Travel - Poland. Come Closer.\" \/>\n<meta property=\"article:published_time\" content=\"2022-03-22T22:02:36+00:00\" \/>\n<meta property=\"article:modified_time\" content=\"2024-02-08T11:50:23+00:00\" \/>\n<meta property=\"og:image\" content=\"https:\/\/polandsoultravel.com\/wp-content\/uploads\/2022\/03\/3_Krakow_rynek_MH_HD-scaled.jpg\" \/>\n\t<meta property=\"og:image:width\" content=\"2048\" \/>\n\t<meta property=\"og:image:height\" content=\"1152\" \/>\n\t<meta property=\"og:image:type\" content=\"image\/jpeg\" \/>\n<meta name=\"author\" content=\"Marcin\" \/>\n<meta name=\"twitter:card\" content=\"summary_large_image\" \/>\n<meta name=\"twitter:label1\" content=\"Napisane przez\" \/>\n\t<meta name=\"twitter:data1\" content=\"Marcin\" \/>\n\t<meta name=\"twitter:label2\" content=\"Szacowany czas czytania\" \/>\n\t<meta name=\"twitter:data2\" content=\"13 minut\" \/>\n<script type=\"application\/ld+json\" class=\"yoast-schema-graph\">{\"@context\":\"https:\/\/schema.org\",\"@graph\":[{\"@type\":\"Article\",\"@id\":\"https:\/\/polandsoultravel.com\/pl\/krakau\/#article\",\"isPartOf\":{\"@id\":\"https:\/\/polandsoultravel.com\/pl\/krakau\/\"},\"author\":{\"name\":\"Marcin\",\"@id\":\"https:\/\/polandsoultravel.com\/pl\/#\/schema\/person\/11f8de18de8f3abe79f837e7aeb63d96\"},\"headline\":\"Krak\u00f3w w stylu slow\",\"datePublished\":\"2022-03-22T22:02:36+00:00\",\"dateModified\":\"2024-02-08T11:50:23+00:00\",\"mainEntityOfPage\":{\"@id\":\"https:\/\/polandsoultravel.com\/pl\/krakau\/\"},\"wordCount\":2067,\"commentCount\":0,\"publisher\":{\"@id\":\"https:\/\/polandsoultravel.com\/pl\/#organization\"},\"image\":{\"@id\":\"https:\/\/polandsoultravel.com\/pl\/krakau\/#primaryimage\"},\"thumbnailUrl\":\"https:\/\/polandsoultravel.com\/wp-content\/uploads\/2022\/03\/3_Krakow_rynek_MH_HD-scaled.jpg\",\"articleSection\":[\"Miasta\"],\"inLanguage\":\"pl-PL\",\"potentialAction\":[{\"@type\":\"CommentAction\",\"name\":\"Comment\",\"target\":[\"https:\/\/polandsoultravel.com\/pl\/krakau\/#respond\"]}]},{\"@type\":\"WebPage\",\"@id\":\"https:\/\/polandsoultravel.com\/pl\/krakau\/\",\"url\":\"https:\/\/polandsoultravel.com\/pl\/krakau\/\",\"name\":\"Krak\u00f3w w stylu slow - Poland Soul Travel - Poland. Come Closer.\",\"isPartOf\":{\"@id\":\"https:\/\/polandsoultravel.com\/pl\/#website\"},\"primaryImageOfPage\":{\"@id\":\"https:\/\/polandsoultravel.com\/pl\/krakau\/#primaryimage\"},\"image\":{\"@id\":\"https:\/\/polandsoultravel.com\/pl\/krakau\/#primaryimage\"},\"thumbnailUrl\":\"https:\/\/polandsoultravel.com\/wp-content\/uploads\/2022\/03\/3_Krakow_rynek_MH_HD-scaled.jpg\",\"datePublished\":\"2022-03-22T22:02:36+00:00\",\"dateModified\":\"2024-02-08T11:50:23+00:00\",\"inLanguage\":\"pl-PL\",\"potentialAction\":[{\"@type\":\"ReadAction\",\"target\":[\"https:\/\/polandsoultravel.com\/pl\/krakau\/\"]}]},{\"@type\":\"ImageObject\",\"inLanguage\":\"pl-PL\",\"@id\":\"https:\/\/polandsoultravel.com\/pl\/krakau\/#primaryimage\",\"url\":\"https:\/\/polandsoultravel.com\/wp-content\/uploads\/2022\/03\/3_Krakow_rynek_MH_HD-scaled.jpg\",\"contentUrl\":\"https:\/\/polandsoultravel.com\/wp-content\/uploads\/2022\/03\/3_Krakow_rynek_MH_HD-scaled.jpg\",\"width\":2048,\"height\":1152},{\"@type\":\"WebSite\",\"@id\":\"https:\/\/polandsoultravel.com\/pl\/#website\",\"url\":\"https:\/\/polandsoultravel.com\/pl\/\",\"name\":\"Poland Soul Travel - Poland. Come Closer.\",\"description\":\"Zusammen mit unseren Fremdenf\u00fchrern, den Gastgebern von klimatischen G\u00e4steh\u00e4usern aus verschiedenen Teilen des Landes, lernen Sie f\u00fcnf einzigartige Regionen.\",\"publisher\":{\"@id\":\"https:\/\/polandsoultravel.com\/pl\/#organization\"},\"potentialAction\":[{\"@type\":\"SearchAction\",\"target\":{\"@type\":\"EntryPoint\",\"urlTemplate\":\"https:\/\/polandsoultravel.com\/pl\/?s={search_term_string}\"},\"query-input\":{\"@type\":\"PropertyValueSpecification\",\"valueRequired\":true,\"valueName\":\"search_term_string\"}}],\"inLanguage\":\"pl-PL\"},{\"@type\":\"Organization\",\"@id\":\"https:\/\/polandsoultravel.com\/pl\/#organization\",\"name\":\"Poland Soul Travel - Poland. Come Closer.\",\"url\":\"https:\/\/polandsoultravel.com\/pl\/\",\"logo\":{\"@type\":\"ImageObject\",\"inLanguage\":\"pl-PL\",\"@id\":\"https:\/\/polandsoultravel.com\/pl\/#\/schema\/logo\/image\/\",\"url\":\"https:\/\/polandsoultravel.com\/wp-content\/uploads\/2022\/02\/cropped-Vector-Smart-Object.png\",\"contentUrl\":\"https:\/\/polandsoultravel.com\/wp-content\/uploads\/2022\/02\/cropped-Vector-Smart-Object.png\",\"width\":174,\"height\":65,\"caption\":\"Poland Soul Travel - Poland. Come Closer.\"},\"image\":{\"@id\":\"https:\/\/polandsoultravel.com\/pl\/#\/schema\/logo\/image\/\"}},{\"@type\":\"Person\",\"@id\":\"https:\/\/polandsoultravel.com\/pl\/#\/schema\/person\/11f8de18de8f3abe79f837e7aeb63d96\",\"name\":\"Marcin\"}]}<\/script>\n<!-- \/ Yoast SEO plugin. -->","yoast_head_json":{"title":"Krak\u00f3w w stylu slow - Poland Soul Travel - Poland. Come Closer.","robots":{"index":"index","follow":"follow","max-snippet":"max-snippet:-1","max-image-preview":"max-image-preview:large","max-video-preview":"max-video-preview:-1"},"canonical":"https:\/\/polandsoultravel.com\/pl\/krakau\/","og_locale":"pl_PL","og_type":"article","og_title":"Krak\u00f3w w stylu slow - Poland Soul Travel - Poland. Come Closer.","og_description":"W paru s\u0142owach Spomi\u0119dzy drzew w parku wystaj\u0105 wie\u017ce kr\u00f3lewskiego zamku i ko\u015bcio\u0142\u00f3w Starego Miasta. Jesieni\u0105 parkowe alejki przykrywa morze \u017c\u00f3\u0142tych li\u015bci, wiosn\u0105 i latem ziele\u0144 wiekowych drzew wdziera si\u0119 wszystkimi zmys\u0142ami do cia\u0142a. Krak\u00f3w ma wi\u0119cej ni\u017c 1000 lat historii, kilkaset tysi\u0119cy kochaj\u0105cych go na \u015bmier\u0107 i \u017cycie, przywi\u0105zanych do ka\u017cdego kamienia w centrum [&hellip;]","og_url":"https:\/\/polandsoultravel.com\/pl\/krakau\/","og_site_name":"Poland Soul Travel - Poland. Come Closer.","article_published_time":"2022-03-22T22:02:36+00:00","article_modified_time":"2024-02-08T11:50:23+00:00","og_image":[{"width":2048,"height":1152,"url":"https:\/\/polandsoultravel.com\/wp-content\/uploads\/2022\/03\/3_Krakow_rynek_MH_HD-scaled.jpg","type":"image\/jpeg"}],"author":"Marcin","twitter_card":"summary_large_image","twitter_misc":{"Napisane przez":"Marcin","Szacowany czas czytania":"13 minut"},"schema":{"@context":"https:\/\/schema.org","@graph":[{"@type":"Article","@id":"https:\/\/polandsoultravel.com\/pl\/krakau\/#article","isPartOf":{"@id":"https:\/\/polandsoultravel.com\/pl\/krakau\/"},"author":{"name":"Marcin","@id":"https:\/\/polandsoultravel.com\/pl\/#\/schema\/person\/11f8de18de8f3abe79f837e7aeb63d96"},"headline":"Krak\u00f3w w stylu slow","datePublished":"2022-03-22T22:02:36+00:00","dateModified":"2024-02-08T11:50:23+00:00","mainEntityOfPage":{"@id":"https:\/\/polandsoultravel.com\/pl\/krakau\/"},"wordCount":2067,"commentCount":0,"publisher":{"@id":"https:\/\/polandsoultravel.com\/pl\/#organization"},"image":{"@id":"https:\/\/polandsoultravel.com\/pl\/krakau\/#primaryimage"},"thumbnailUrl":"https:\/\/polandsoultravel.com\/wp-content\/uploads\/2022\/03\/3_Krakow_rynek_MH_HD-scaled.jpg","articleSection":["Miasta"],"inLanguage":"pl-PL","potentialAction":[{"@type":"CommentAction","name":"Comment","target":["https:\/\/polandsoultravel.com\/pl\/krakau\/#respond"]}]},{"@type":"WebPage","@id":"https:\/\/polandsoultravel.com\/pl\/krakau\/","url":"https:\/\/polandsoultravel.com\/pl\/krakau\/","name":"Krak\u00f3w w stylu slow - Poland Soul Travel - Poland. Come Closer.","isPartOf":{"@id":"https:\/\/polandsoultravel.com\/pl\/#website"},"primaryImageOfPage":{"@id":"https:\/\/polandsoultravel.com\/pl\/krakau\/#primaryimage"},"image":{"@id":"https:\/\/polandsoultravel.com\/pl\/krakau\/#primaryimage"},"thumbnailUrl":"https:\/\/polandsoultravel.com\/wp-content\/uploads\/2022\/03\/3_Krakow_rynek_MH_HD-scaled.jpg","datePublished":"2022-03-22T22:02:36+00:00","dateModified":"2024-02-08T11:50:23+00:00","inLanguage":"pl-PL","potentialAction":[{"@type":"ReadAction","target":["https:\/\/polandsoultravel.com\/pl\/krakau\/"]}]},{"@type":"ImageObject","inLanguage":"pl-PL","@id":"https:\/\/polandsoultravel.com\/pl\/krakau\/#primaryimage","url":"https:\/\/polandsoultravel.com\/wp-content\/uploads\/2022\/03\/3_Krakow_rynek_MH_HD-scaled.jpg","contentUrl":"https:\/\/polandsoultravel.com\/wp-content\/uploads\/2022\/03\/3_Krakow_rynek_MH_HD-scaled.jpg","width":2048,"height":1152},{"@type":"WebSite","@id":"https:\/\/polandsoultravel.com\/pl\/#website","url":"https:\/\/polandsoultravel.com\/pl\/","name":"Poland Soul Travel - Poland. Come Closer.","description":"Zusammen mit unseren Fremdenf\u00fchrern, den Gastgebern von klimatischen G\u00e4steh\u00e4usern aus verschiedenen Teilen des Landes, lernen Sie f\u00fcnf einzigartige Regionen.","publisher":{"@id":"https:\/\/polandsoultravel.com\/pl\/#organization"},"potentialAction":[{"@type":"SearchAction","target":{"@type":"EntryPoint","urlTemplate":"https:\/\/polandsoultravel.com\/pl\/?s={search_term_string}"},"query-input":{"@type":"PropertyValueSpecification","valueRequired":true,"valueName":"search_term_string"}}],"inLanguage":"pl-PL"},{"@type":"Organization","@id":"https:\/\/polandsoultravel.com\/pl\/#organization","name":"Poland Soul Travel - Poland. Come Closer.","url":"https:\/\/polandsoultravel.com\/pl\/","logo":{"@type":"ImageObject","inLanguage":"pl-PL","@id":"https:\/\/polandsoultravel.com\/pl\/#\/schema\/logo\/image\/","url":"https:\/\/polandsoultravel.com\/wp-content\/uploads\/2022\/02\/cropped-Vector-Smart-Object.png","contentUrl":"https:\/\/polandsoultravel.com\/wp-content\/uploads\/2022\/02\/cropped-Vector-Smart-Object.png","width":174,"height":65,"caption":"Poland Soul Travel - Poland. Come Closer."},"image":{"@id":"https:\/\/polandsoultravel.com\/pl\/#\/schema\/logo\/image\/"}},{"@type":"Person","@id":"https:\/\/polandsoultravel.com\/pl\/#\/schema\/person\/11f8de18de8f3abe79f837e7aeb63d96","name":"Marcin"}]}},"_links":{"self":[{"href":"https:\/\/polandsoultravel.com\/pl\/wp-json\/wp\/v2\/posts\/6721","targetHints":{"allow":["GET"]}}],"collection":[{"href":"https:\/\/polandsoultravel.com\/pl\/wp-json\/wp\/v2\/posts"}],"about":[{"href":"https:\/\/polandsoultravel.com\/pl\/wp-json\/wp\/v2\/types\/post"}],"author":[{"embeddable":true,"href":"https:\/\/polandsoultravel.com\/pl\/wp-json\/wp\/v2\/users\/5"}],"replies":[{"embeddable":true,"href":"https:\/\/polandsoultravel.com\/pl\/wp-json\/wp\/v2\/comments?post=6721"}],"version-history":[{"count":6,"href":"https:\/\/polandsoultravel.com\/pl\/wp-json\/wp\/v2\/posts\/6721\/revisions"}],"predecessor-version":[{"id":9882,"href":"https:\/\/polandsoultravel.com\/pl\/wp-json\/wp\/v2\/posts\/6721\/revisions\/9882"}],"wp:featuredmedia":[{"embeddable":true,"href":"https:\/\/polandsoultravel.com\/pl\/wp-json\/wp\/v2\/media\/6310"}],"wp:attachment":[{"href":"https:\/\/polandsoultravel.com\/pl\/wp-json\/wp\/v2\/media?parent=6721"}],"wp:term":[{"taxonomy":"category","embeddable":true,"href":"https:\/\/polandsoultravel.com\/pl\/wp-json\/wp\/v2\/categories?post=6721"},{"taxonomy":"post_tag","embeddable":true,"href":"https:\/\/polandsoultravel.com\/pl\/wp-json\/wp\/v2\/tags?post=6721"}],"curies":[{"name":"wp","href":"https:\/\/api.w.org\/{rel}","templated":true}]}}