{"id":6708,"date":"2022-03-22T22:26:14","date_gmt":"2022-03-22T21:26:14","guid":{"rendered":"https:\/\/polandsoultravel.com\/kupala-nacht-in-dubicze-cerkiewne\/"},"modified":"2023-06-06T16:26:55","modified_gmt":"2023-06-06T14:26:55","slug":"kupala-nacht-in-dubicze-cerkiewne","status":"publish","type":"post","link":"https:\/\/polandsoultravel.com\/pl\/kupala-nacht-in-dubicze-cerkiewne\/","title":{"rendered":"Noc Kupa\u0142y w Dubiczach Cerkiewnych"},"content":{"rendered":"\r\n<p>Eine Prozession von Frauen in wei\u00dfen Kleidern mit Laternen zieht durch eine gr\u00fcne Wiese am Fluss. Die Frauen gehen barfu\u00df an einem gro\u00dfen Lagerfeuer am Ufer vorbei. An ihrer Spitze steht ein Junge, der eine frisch gef\u00e4llte kleine Birke tr\u00e4gt. Die Prozession betritt den Fluss, umringt von den Ges\u00e4ngen der Menschen. Frauen kreisen um den Baum und waten durch das Wasser. In ihren H\u00e4nden halten sie Blumenkr\u00e4nze, die sie gleich in den Fluss legen werden. Wer sie f\u00e4ngt, bevor sie in das Schilf an der K\u00fcste fallen, hat angeblich Gl\u00fcck in der Liebe. Die warme Sommernacht riecht nach Wiese und Wald. Pl\u00f6tzlich rennt ein Dutzend Jungen ins Wasser, um Kr\u00e4nze zu holen.<\/p>\r\n\r\n\r\n\r\n<p><strong>Die Kupalanacht<\/strong> ist das wichtigste Fest des heidnischen Europas, das vor allem in seinem \u00f6stlichen Teil noch heute lebendig ist. Jahrhundertelang von der Kirche bek\u00e4mpft, wurde sie im Laufe der Zeit mit der Person Johannes des T\u00e4ufers in Verbindung gebracht und als eine Laune des Volkes akzeptiert. In den meisten L\u00e4ndern f\u00e4llt es mit der k\u00fcrzesten Nacht des Jahres zusammen und ist als <strong>Mittsomerfest<\/strong> bekannt, aber bei einigen Menschen in der Region Podlasie wird es auch nach dem orthodoxen Kalender gefeiert, d. h. ein paar Wochen sp\u00e4ter.\u00a0<\/p>\r\n\r\n\r\n\r\n<p>Jedes Jahr <strong>am ersten Samstag nach dem 12. Juli<\/strong> findet auf der K\u00fcstenwiese im Dorf <strong>Dubicze Cerkiewne<\/strong> und in mehreren anderen St\u00e4dten der Region das gro\u00dfe Fest der Kupalanacht statt. Die Orte werden von Bands besucht, die traditionelle Musik aus Polen, Wei\u00dfrussland und der Ukraine spielen, aber auch von vielen Einheimischen, vor allem von <strong>Ukrainern<\/strong>. Es gibt Vorf\u00fchrungen traditioneller Handwerkskunst, gutes Essen und Getr\u00e4nke. Und vor allem &#8211; um den Geist des alten Lebensfestes zu sp\u00fcren, das trotz des jahrhundertelangen Drucks der christlichen Religion und Kultur immer noch unter dem Patronat der Kupala steht &#8211; einer alten slawischen Fruchtbarkeitsgottheit.<\/p>\r\n\r\n\r\n\r\n<p><strong>Die Kupala-Nacht in Dubicze Cerkiewne<\/strong> ist nicht nur ein geheimnisvolles, exotisches Ritual, das Fans des Films <em>Midsommar<\/em> begeistern wird, sondern vor allem ein unvergesslicher Abend, der den Geist von Podlasie zum Ausdruck bringt &#8211; einem multikulturellen Land an der Kreuzung von Mittel- und Osteuropa.<\/p>\r\n\r\n\r\n\r\n<p><a href=\"https:\/\/culture.pl\/en\/article\/kupala-night-mixing-pagan-and-christian-traditions\"><strong>Mehr \u00fcber die Kupalanacht in Polen<\/strong><\/a><\/p>\r\n\r\n\r\n\r\n<div class=\"wp-block-spacer\" style=\"height: 39px;\" aria-hidden=\"true\">\u00a0<\/div>\r\n\r\n\r\n\r\n<h4 class=\"has-text-align-right\" style=\"text-align: right;\"><strong><a href=\"https:\/\/polandsoultravel.com\/index.php\/eine-geschichte-uber-podlachien-podlasie-und-suwalszczyzna\/\">SIEHE DIE GANZE GESCHICHTE \u2013 PODLACHIEN<\/a><\/strong><\/h4>\r\n\r\n\r\n\r\n<div class=\"wp-block-spacer\" style=\"height: 35px;\" aria-hidden=\"true\">\u00a0<\/div>\r\n","protected":false},"excerpt":{"rendered":"<p>Eine Prozession von Frauen in wei\u00dfen Kleidern mit Laternen zieht durch eine gr\u00fcne Wiese am Fluss. Die Frauen gehen barfu\u00df an einem gro\u00dfen Lagerfeuer am Ufer vorbei. An ihrer Spitze steht ein Junge, der eine frisch gef\u00e4llte kleine Birke tr\u00e4gt. Die Prozession betritt den Fluss, umringt von den Ges\u00e4ngen der Menschen. Frauen kreisen um den [&hellip;]<\/p>\n","protected":false},"author":5,"featured_media":4376,"comment_status":"open","ping_status":"open","sticky":false,"template":"","format":"standard","meta":{"_acf_changed":false,"footnotes":""},"categories":[49,39],"tags":[],"class_list":["post-6708","post","type-post","status-publish","format-standard","has-post-thumbnail","hentry","category-opowiesc-podlasie-pl","category-wydarzenia-pl"],"acf":[],"yoast_head":"<!-- This site is optimized with the Yoast SEO plugin v24.4 - https:\/\/yoast.com\/wordpress\/plugins\/seo\/ -->\n<title>Noc Kupa\u0142y w Dubiczach Cerkiewnych - Poland Soul Travel - Poland. Come Closer.<\/title>\n<meta name=\"robots\" content=\"index, follow, max-snippet:-1, max-image-preview:large, max-video-preview:-1\" \/>\n<link rel=\"canonical\" href=\"https:\/\/polandsoultravel.com\/pl\/kupala-nacht-in-dubicze-cerkiewne\/\" \/>\n<meta property=\"og:locale\" content=\"pl_PL\" \/>\n<meta property=\"og:type\" content=\"article\" \/>\n<meta property=\"og:title\" content=\"Noc Kupa\u0142y w Dubiczach Cerkiewnych - Poland Soul Travel - Poland. Come Closer.\" \/>\n<meta property=\"og:description\" content=\"Eine Prozession von Frauen in wei\u00dfen Kleidern mit Laternen zieht durch eine gr\u00fcne Wiese am Fluss. Die Frauen gehen barfu\u00df an einem gro\u00dfen Lagerfeuer am Ufer vorbei. An ihrer Spitze steht ein Junge, der eine frisch gef\u00e4llte kleine Birke tr\u00e4gt. Die Prozession betritt den Fluss, umringt von den Ges\u00e4ngen der Menschen. Frauen kreisen um den [&hellip;]\" \/>\n<meta property=\"og:url\" content=\"https:\/\/polandsoultravel.com\/pl\/kupala-nacht-in-dubicze-cerkiewne\/\" \/>\n<meta property=\"og:site_name\" content=\"Poland Soul Travel - Poland. Come Closer.\" \/>\n<meta property=\"article:published_time\" content=\"2022-03-22T21:26:14+00:00\" \/>\n<meta property=\"article:modified_time\" content=\"2023-06-06T14:26:55+00:00\" \/>\n<meta property=\"og:image\" content=\"https:\/\/polandsoultravel.com\/wp-content\/uploads\/2022\/03\/the-night-of-kupala-g487beb87c_1920.jpg\" \/>\n\t<meta property=\"og:image:width\" content=\"1920\" \/>\n\t<meta property=\"og:image:height\" content=\"1250\" \/>\n\t<meta property=\"og:image:type\" content=\"image\/jpeg\" \/>\n<meta name=\"author\" content=\"Marcin\" \/>\n<meta name=\"twitter:card\" content=\"summary_large_image\" \/>\n<meta name=\"twitter:label1\" content=\"Napisane przez\" \/>\n\t<meta name=\"twitter:data1\" content=\"Marcin\" \/>\n\t<meta name=\"twitter:label2\" content=\"Szacowany czas czytania\" \/>\n\t<meta name=\"twitter:data2\" content=\"3 minuty\" \/>\n<script type=\"application\/ld+json\" class=\"yoast-schema-graph\">{\"@context\":\"https:\/\/schema.org\",\"@graph\":[{\"@type\":\"Article\",\"@id\":\"https:\/\/polandsoultravel.com\/pl\/kupala-nacht-in-dubicze-cerkiewne\/#article\",\"isPartOf\":{\"@id\":\"https:\/\/polandsoultravel.com\/pl\/kupala-nacht-in-dubicze-cerkiewne\/\"},\"author\":{\"name\":\"Marcin\",\"@id\":\"https:\/\/polandsoultravel.com\/pl\/#\/schema\/person\/11f8de18de8f3abe79f837e7aeb63d96\"},\"headline\":\"Noc Kupa\u0142y w Dubiczach Cerkiewnych\",\"datePublished\":\"2022-03-22T21:26:14+00:00\",\"dateModified\":\"2023-06-06T14:26:55+00:00\",\"mainEntityOfPage\":{\"@id\":\"https:\/\/polandsoultravel.com\/pl\/kupala-nacht-in-dubicze-cerkiewne\/\"},\"wordCount\":384,\"commentCount\":0,\"publisher\":{\"@id\":\"https:\/\/polandsoultravel.com\/pl\/#organization\"},\"image\":{\"@id\":\"https:\/\/polandsoultravel.com\/pl\/kupala-nacht-in-dubicze-cerkiewne\/#primaryimage\"},\"thumbnailUrl\":\"https:\/\/polandsoultravel.com\/wp-content\/uploads\/2022\/03\/the-night-of-kupala-g487beb87c_1920.jpg\",\"articleSection\":[\"Opowie\u015b\u0107 &#8211; Podlasie\",\"Wydarzenia\"],\"inLanguage\":\"pl-PL\",\"potentialAction\":[{\"@type\":\"CommentAction\",\"name\":\"Comment\",\"target\":[\"https:\/\/polandsoultravel.com\/pl\/kupala-nacht-in-dubicze-cerkiewne\/#respond\"]}]},{\"@type\":\"WebPage\",\"@id\":\"https:\/\/polandsoultravel.com\/pl\/kupala-nacht-in-dubicze-cerkiewne\/\",\"url\":\"https:\/\/polandsoultravel.com\/pl\/kupala-nacht-in-dubicze-cerkiewne\/\",\"name\":\"Noc Kupa\u0142y w Dubiczach Cerkiewnych - Poland Soul Travel - Poland. Come Closer.\",\"isPartOf\":{\"@id\":\"https:\/\/polandsoultravel.com\/pl\/#website\"},\"primaryImageOfPage\":{\"@id\":\"https:\/\/polandsoultravel.com\/pl\/kupala-nacht-in-dubicze-cerkiewne\/#primaryimage\"},\"image\":{\"@id\":\"https:\/\/polandsoultravel.com\/pl\/kupala-nacht-in-dubicze-cerkiewne\/#primaryimage\"},\"thumbnailUrl\":\"https:\/\/polandsoultravel.com\/wp-content\/uploads\/2022\/03\/the-night-of-kupala-g487beb87c_1920.jpg\",\"datePublished\":\"2022-03-22T21:26:14+00:00\",\"dateModified\":\"2023-06-06T14:26:55+00:00\",\"inLanguage\":\"pl-PL\",\"potentialAction\":[{\"@type\":\"ReadAction\",\"target\":[\"https:\/\/polandsoultravel.com\/pl\/kupala-nacht-in-dubicze-cerkiewne\/\"]}]},{\"@type\":\"ImageObject\",\"inLanguage\":\"pl-PL\",\"@id\":\"https:\/\/polandsoultravel.com\/pl\/kupala-nacht-in-dubicze-cerkiewne\/#primaryimage\",\"url\":\"https:\/\/polandsoultravel.com\/wp-content\/uploads\/2022\/03\/the-night-of-kupala-g487beb87c_1920.jpg\",\"contentUrl\":\"https:\/\/polandsoultravel.com\/wp-content\/uploads\/2022\/03\/the-night-of-kupala-g487beb87c_1920.jpg\",\"width\":1920,\"height\":1250},{\"@type\":\"WebSite\",\"@id\":\"https:\/\/polandsoultravel.com\/pl\/#website\",\"url\":\"https:\/\/polandsoultravel.com\/pl\/\",\"name\":\"Poland Soul Travel - Poland. Come Closer.\",\"description\":\"Zusammen mit unseren Fremdenf\u00fchrern, den Gastgebern von klimatischen G\u00e4steh\u00e4usern aus verschiedenen Teilen des Landes, lernen Sie f\u00fcnf einzigartige Regionen.\",\"publisher\":{\"@id\":\"https:\/\/polandsoultravel.com\/pl\/#organization\"},\"potentialAction\":[{\"@type\":\"SearchAction\",\"target\":{\"@type\":\"EntryPoint\",\"urlTemplate\":\"https:\/\/polandsoultravel.com\/pl\/?s={search_term_string}\"},\"query-input\":{\"@type\":\"PropertyValueSpecification\",\"valueRequired\":true,\"valueName\":\"search_term_string\"}}],\"inLanguage\":\"pl-PL\"},{\"@type\":\"Organization\",\"@id\":\"https:\/\/polandsoultravel.com\/pl\/#organization\",\"name\":\"Poland Soul Travel - Poland. Come Closer.\",\"url\":\"https:\/\/polandsoultravel.com\/pl\/\",\"logo\":{\"@type\":\"ImageObject\",\"inLanguage\":\"pl-PL\",\"@id\":\"https:\/\/polandsoultravel.com\/pl\/#\/schema\/logo\/image\/\",\"url\":\"https:\/\/polandsoultravel.com\/wp-content\/uploads\/2022\/02\/cropped-Vector-Smart-Object.png\",\"contentUrl\":\"https:\/\/polandsoultravel.com\/wp-content\/uploads\/2022\/02\/cropped-Vector-Smart-Object.png\",\"width\":174,\"height\":65,\"caption\":\"Poland Soul Travel - Poland. Come Closer.\"},\"image\":{\"@id\":\"https:\/\/polandsoultravel.com\/pl\/#\/schema\/logo\/image\/\"}},{\"@type\":\"Person\",\"@id\":\"https:\/\/polandsoultravel.com\/pl\/#\/schema\/person\/11f8de18de8f3abe79f837e7aeb63d96\",\"name\":\"Marcin\"}]}<\/script>\n<!-- \/ Yoast SEO plugin. -->","yoast_head_json":{"title":"Noc Kupa\u0142y w Dubiczach Cerkiewnych - Poland Soul Travel - Poland. Come Closer.","robots":{"index":"index","follow":"follow","max-snippet":"max-snippet:-1","max-image-preview":"max-image-preview:large","max-video-preview":"max-video-preview:-1"},"canonical":"https:\/\/polandsoultravel.com\/pl\/kupala-nacht-in-dubicze-cerkiewne\/","og_locale":"pl_PL","og_type":"article","og_title":"Noc Kupa\u0142y w Dubiczach Cerkiewnych - Poland Soul Travel - Poland. Come Closer.","og_description":"Eine Prozession von Frauen in wei\u00dfen Kleidern mit Laternen zieht durch eine gr\u00fcne Wiese am Fluss. Die Frauen gehen barfu\u00df an einem gro\u00dfen Lagerfeuer am Ufer vorbei. An ihrer Spitze steht ein Junge, der eine frisch gef\u00e4llte kleine Birke tr\u00e4gt. Die Prozession betritt den Fluss, umringt von den Ges\u00e4ngen der Menschen. Frauen kreisen um den [&hellip;]","og_url":"https:\/\/polandsoultravel.com\/pl\/kupala-nacht-in-dubicze-cerkiewne\/","og_site_name":"Poland Soul Travel - Poland. Come Closer.","article_published_time":"2022-03-22T21:26:14+00:00","article_modified_time":"2023-06-06T14:26:55+00:00","og_image":[{"width":1920,"height":1250,"url":"https:\/\/polandsoultravel.com\/wp-content\/uploads\/2022\/03\/the-night-of-kupala-g487beb87c_1920.jpg","type":"image\/jpeg"}],"author":"Marcin","twitter_card":"summary_large_image","twitter_misc":{"Napisane przez":"Marcin","Szacowany czas czytania":"3 minuty"},"schema":{"@context":"https:\/\/schema.org","@graph":[{"@type":"Article","@id":"https:\/\/polandsoultravel.com\/pl\/kupala-nacht-in-dubicze-cerkiewne\/#article","isPartOf":{"@id":"https:\/\/polandsoultravel.com\/pl\/kupala-nacht-in-dubicze-cerkiewne\/"},"author":{"name":"Marcin","@id":"https:\/\/polandsoultravel.com\/pl\/#\/schema\/person\/11f8de18de8f3abe79f837e7aeb63d96"},"headline":"Noc Kupa\u0142y w Dubiczach Cerkiewnych","datePublished":"2022-03-22T21:26:14+00:00","dateModified":"2023-06-06T14:26:55+00:00","mainEntityOfPage":{"@id":"https:\/\/polandsoultravel.com\/pl\/kupala-nacht-in-dubicze-cerkiewne\/"},"wordCount":384,"commentCount":0,"publisher":{"@id":"https:\/\/polandsoultravel.com\/pl\/#organization"},"image":{"@id":"https:\/\/polandsoultravel.com\/pl\/kupala-nacht-in-dubicze-cerkiewne\/#primaryimage"},"thumbnailUrl":"https:\/\/polandsoultravel.com\/wp-content\/uploads\/2022\/03\/the-night-of-kupala-g487beb87c_1920.jpg","articleSection":["Opowie\u015b\u0107 &#8211; Podlasie","Wydarzenia"],"inLanguage":"pl-PL","potentialAction":[{"@type":"CommentAction","name":"Comment","target":["https:\/\/polandsoultravel.com\/pl\/kupala-nacht-in-dubicze-cerkiewne\/#respond"]}]},{"@type":"WebPage","@id":"https:\/\/polandsoultravel.com\/pl\/kupala-nacht-in-dubicze-cerkiewne\/","url":"https:\/\/polandsoultravel.com\/pl\/kupala-nacht-in-dubicze-cerkiewne\/","name":"Noc Kupa\u0142y w Dubiczach Cerkiewnych - Poland Soul Travel - Poland. Come Closer.","isPartOf":{"@id":"https:\/\/polandsoultravel.com\/pl\/#website"},"primaryImageOfPage":{"@id":"https:\/\/polandsoultravel.com\/pl\/kupala-nacht-in-dubicze-cerkiewne\/#primaryimage"},"image":{"@id":"https:\/\/polandsoultravel.com\/pl\/kupala-nacht-in-dubicze-cerkiewne\/#primaryimage"},"thumbnailUrl":"https:\/\/polandsoultravel.com\/wp-content\/uploads\/2022\/03\/the-night-of-kupala-g487beb87c_1920.jpg","datePublished":"2022-03-22T21:26:14+00:00","dateModified":"2023-06-06T14:26:55+00:00","inLanguage":"pl-PL","potentialAction":[{"@type":"ReadAction","target":["https:\/\/polandsoultravel.com\/pl\/kupala-nacht-in-dubicze-cerkiewne\/"]}]},{"@type":"ImageObject","inLanguage":"pl-PL","@id":"https:\/\/polandsoultravel.com\/pl\/kupala-nacht-in-dubicze-cerkiewne\/#primaryimage","url":"https:\/\/polandsoultravel.com\/wp-content\/uploads\/2022\/03\/the-night-of-kupala-g487beb87c_1920.jpg","contentUrl":"https:\/\/polandsoultravel.com\/wp-content\/uploads\/2022\/03\/the-night-of-kupala-g487beb87c_1920.jpg","width":1920,"height":1250},{"@type":"WebSite","@id":"https:\/\/polandsoultravel.com\/pl\/#website","url":"https:\/\/polandsoultravel.com\/pl\/","name":"Poland Soul Travel - Poland. Come Closer.","description":"Zusammen mit unseren Fremdenf\u00fchrern, den Gastgebern von klimatischen G\u00e4steh\u00e4usern aus verschiedenen Teilen des Landes, lernen Sie f\u00fcnf einzigartige Regionen.","publisher":{"@id":"https:\/\/polandsoultravel.com\/pl\/#organization"},"potentialAction":[{"@type":"SearchAction","target":{"@type":"EntryPoint","urlTemplate":"https:\/\/polandsoultravel.com\/pl\/?s={search_term_string}"},"query-input":{"@type":"PropertyValueSpecification","valueRequired":true,"valueName":"search_term_string"}}],"inLanguage":"pl-PL"},{"@type":"Organization","@id":"https:\/\/polandsoultravel.com\/pl\/#organization","name":"Poland Soul Travel - Poland. Come Closer.","url":"https:\/\/polandsoultravel.com\/pl\/","logo":{"@type":"ImageObject","inLanguage":"pl-PL","@id":"https:\/\/polandsoultravel.com\/pl\/#\/schema\/logo\/image\/","url":"https:\/\/polandsoultravel.com\/wp-content\/uploads\/2022\/02\/cropped-Vector-Smart-Object.png","contentUrl":"https:\/\/polandsoultravel.com\/wp-content\/uploads\/2022\/02\/cropped-Vector-Smart-Object.png","width":174,"height":65,"caption":"Poland Soul Travel - Poland. Come Closer."},"image":{"@id":"https:\/\/polandsoultravel.com\/pl\/#\/schema\/logo\/image\/"}},{"@type":"Person","@id":"https:\/\/polandsoultravel.com\/pl\/#\/schema\/person\/11f8de18de8f3abe79f837e7aeb63d96","name":"Marcin"}]}},"_links":{"self":[{"href":"https:\/\/polandsoultravel.com\/pl\/wp-json\/wp\/v2\/posts\/6708","targetHints":{"allow":["GET"]}}],"collection":[{"href":"https:\/\/polandsoultravel.com\/pl\/wp-json\/wp\/v2\/posts"}],"about":[{"href":"https:\/\/polandsoultravel.com\/pl\/wp-json\/wp\/v2\/types\/post"}],"author":[{"embeddable":true,"href":"https:\/\/polandsoultravel.com\/pl\/wp-json\/wp\/v2\/users\/5"}],"replies":[{"embeddable":true,"href":"https:\/\/polandsoultravel.com\/pl\/wp-json\/wp\/v2\/comments?post=6708"}],"version-history":[{"count":2,"href":"https:\/\/polandsoultravel.com\/pl\/wp-json\/wp\/v2\/posts\/6708\/revisions"}],"predecessor-version":[{"id":6710,"href":"https:\/\/polandsoultravel.com\/pl\/wp-json\/wp\/v2\/posts\/6708\/revisions\/6710"}],"wp:featuredmedia":[{"embeddable":true,"href":"https:\/\/polandsoultravel.com\/pl\/wp-json\/wp\/v2\/media\/4376"}],"wp:attachment":[{"href":"https:\/\/polandsoultravel.com\/pl\/wp-json\/wp\/v2\/media?parent=6708"}],"wp:term":[{"taxonomy":"category","embeddable":true,"href":"https:\/\/polandsoultravel.com\/pl\/wp-json\/wp\/v2\/categories?post=6708"},{"taxonomy":"post_tag","embeddable":true,"href":"https:\/\/polandsoultravel.com\/pl\/wp-json\/wp\/v2\/tags?post=6708"}],"curies":[{"name":"wp","href":"https:\/\/api.w.org\/{rel}","templated":true}]}}