{"id":6508,"date":"2022-03-13T12:44:19","date_gmt":"2022-03-13T11:44:19","guid":{"rendered":"https:\/\/polandsoultravel.com\/breslau\/"},"modified":"2023-07-19T11:51:31","modified_gmt":"2023-07-19T09:51:31","slug":"breslau","status":"publish","type":"post","link":"https:\/\/polandsoultravel.com\/pl\/breslau\/","title":{"rendered":"Wroc\u0142aw w stylu slow"},"content":{"rendered":"\r\n<p><b>W paru s\u0142owach<\/b><\/p>\r\n\r\n\r\n\r\n<p><img decoding=\"async\" class=\" wp-image-1325 alignleft\" src=\"https:\/\/polandsoultravel.com\/wp-content\/uploads\/2022\/03\/city-3275583_1920-300x200.jpg\" alt=\"\" width=\"320\" height=\"213\" srcset=\"https:\/\/polandsoultravel.com\/wp-content\/uploads\/2022\/03\/city-3275583_1920-300x200.jpg 300w, https:\/\/polandsoultravel.com\/wp-content\/uploads\/2022\/03\/city-3275583_1920-1024x684.jpg 1024w, https:\/\/polandsoultravel.com\/wp-content\/uploads\/2022\/03\/city-3275583_1920-768x513.jpg 768w, https:\/\/polandsoultravel.com\/wp-content\/uploads\/2022\/03\/city-3275583_1920-1536x1026.jpg 1536w, https:\/\/polandsoultravel.com\/wp-content\/uploads\/2022\/03\/city-3275583_1920.jpg 1920w\" sizes=\"(max-width: 320px) 100vw, 320px\" \/>Mieszka\u0144com Wroc\u0142awia mo\u017cna zazdro\u015bci\u0107 wiele, ale chyba najbardziej \u2013 nieuchwytnej, <b>bezpretensjonalnej energii i luzu<\/b>, kt\u00f3ry unosi si\u0119 pomi\u0119dzy eleganckimi, secesyjnymi ulicami tego miasta. Klimat historycznej stolicy regionu \u015al\u0105ska i czwartego najwi\u0119kszego miasta dzisiejszej Polski tworzy <b>rzeka Odra<\/b>, prze\u015blizguj\u0105ca si\u0119 tu przez centrum kilkoma odnogami i bocznymi zakolami, kt\u00f3re tworz\u0105 liczne wyspy. Wed\u0142ug r\u00f3\u017cnych szacunk\u00f3w spina je od 100 do 130 most\u00f3w!<\/p>\r\n<p>&nbsp;<\/p>\r\n<p>To bardzo zielone i bardzo m\u0142ode duchem miasto polubi\u0105 szczeg\u00f3lnie miejscy w\u0142\u00f3cz\u0119dzy i ci, kt\u00f3rzy w weekendowych city-breakach ceni\u0105 r\u00f3wnowag\u0119 pomi\u0119dzy planem zwiedzania a otwarciem si\u0119 na to, co nieznane.<\/p>\r\n\r\n\r\n\r\n<p><img decoding=\"async\" class=\"size-medium wp-image-1326 alignleft\" src=\"https:\/\/polandsoultravel.com\/wp-content\/uploads\/2022\/03\/old-town-5062336_1920-300x225.jpg\" alt=\"\" width=\"300\" height=\"225\" srcset=\"https:\/\/polandsoultravel.com\/wp-content\/uploads\/2022\/03\/old-town-5062336_1920-300x225.jpg 300w, https:\/\/polandsoultravel.com\/wp-content\/uploads\/2022\/03\/old-town-5062336_1920-1024x768.jpg 1024w, https:\/\/polandsoultravel.com\/wp-content\/uploads\/2022\/03\/old-town-5062336_1920-768x576.jpg 768w, https:\/\/polandsoultravel.com\/wp-content\/uploads\/2022\/03\/old-town-5062336_1920-1536x1152.jpg 1536w, https:\/\/polandsoultravel.com\/wp-content\/uploads\/2022\/03\/old-town-5062336_1920.jpg 1920w\" sizes=\"(max-width: 300px) 100vw, 300px\" \/><\/p>\r\n<p>Wroc\u0142aw to jedyne tak du\u017ce miasto w Europie, kt\u00f3re w ostatnim wieku do\u015bwiadczy\u0142o <b>ca\u0142kowitej wymiany ludno\u015bci.<\/b> W czasie II Wojny \u015awiatowej przekszta\u0142cony przez hitlerowc\u00f3w w twierdz\u0119, kt\u00f3ra podda\u0142a si\u0119 4 dni po Berlinie, po jej upadku zosta\u0142 przy\u0142\u0105czony do Polski. Przedwojennych niemieckich mieszka\u0144c\u00f3w przesiedlono na zach\u00f3d, a ich miejsce zaj\u0119li przesiedle\u0144cy z centralnej Polski i dawnych miast z przej\u0119tych przez Zwi\u0105zek Radziecki wschodnich prowincji kraju, przede wszystkim ukrai\u0144skiego dzi\u015b Lwowa. Mieszanka przybysz\u00f3w w ci\u0105gu kilku pokole\u0144 stworzy\u0142a na nowo miasto, w kt\u00f3rym przesz\u0142o\u015b\u0107 nie musi ci\u0105\u017cy\u0107, ale mo\u017ce by\u0107 \u017ar\u00f3d\u0142em inspiracji. Symbolem aspiracji dzisiejszego Wroc\u0142awia sta\u0142 si\u0119 tytu\u0142 <b>Europejskiej Stolicy Kultury<\/b>, przyznany miastu w 2016 roku.<\/p>\r\n\r\n\r\n\r\n<p>&nbsp;<\/p>\r\n\r\n\r\n\r\n<p><b>Nim zaczniecie zwiedzanie<\/b><\/p>\r\n\r\n\r\n\r\n<p><b>Przede wszystkim \u2013 spacery! <\/b>Centrum Wroc\u0142awia jest szczeg\u00f3lnie wdzi\u0119czne dla pieszych. Wszystkie najciekawsze miejsca, poza kr\u00f3tk\u0105 wycieczk\u0105 do Hali Stulecia, znajduj\u0105 si\u0119 w zasi\u0119gu mocy Waszych n\u00f3g. Po drodze obserwujcie uwa\u017cnie detale kamienic i ma\u0142\u0105 architektur\u0119 \u2013 si\u0142a Wroc\u0142awia tkwi w szczeg\u00f3le!<\/p>\r\n<p><b>Pustym \u017co\u0142\u0105dkom m\u00f3wimy stanowcze nie! <\/b>Wroc\u0142aw to miasto, w kt\u00f3rym chyba nie da si\u0119 by\u0107 g\u0142odnym. Co rusz b\u0119dziecie natrafia\u0107 na miejsca, w kt\u00f3rych niedrogo i smacznie co\u015b przek\u0105sicie lub wypijecie. Na naszej trasie b\u0119dziemy wysy\u0142a\u0107 Was do nich r\u00f3wnie cz\u0119sto, jak do zabytk\u00f3w. I tak powinno by\u0107 wsz\u0119dzie!<\/p>\r\n\r\n\r\n\r\n<p>&nbsp;<\/p>\r\n\r\n\r\n\r\n<p>&nbsp;<\/p>\r\n\r\n\r\n\r\n<p><strong><b>Wok\u00f3\u0142 Rynku<\/b><\/strong><\/p>\r\n\r\n\r\n\r\n<p><img decoding=\"async\" class=\"size-medium wp-image-1327 alignleft\" src=\"https:\/\/polandsoultravel.com\/wp-content\/uploads\/2022\/03\/wroclaw-1511660_1920-300x199.jpg\" alt=\"\" width=\"300\" height=\"199\" srcset=\"https:\/\/polandsoultravel.com\/wp-content\/uploads\/2022\/03\/wroclaw-1511660_1920-300x199.jpg 300w, https:\/\/polandsoultravel.com\/wp-content\/uploads\/2022\/03\/wroclaw-1511660_1920-1024x680.jpg 1024w, https:\/\/polandsoultravel.com\/wp-content\/uploads\/2022\/03\/wroclaw-1511660_1920-768x510.jpg 768w, https:\/\/polandsoultravel.com\/wp-content\/uploads\/2022\/03\/wroclaw-1511660_1920-1536x1020.jpg 1536w, https:\/\/polandsoultravel.com\/wp-content\/uploads\/2022\/03\/wroclaw-1511660_1920.jpg 1920w\" sizes=\"(max-width: 300px) 100vw, 300px\" \/>Serce miasta tworzy Rynek \u2013 rozleg\u0142y, czworoboczny pier\u015bcie\u0144 z wysp\u0105 \u015bredniowiecznej zabudowy na \u015brodku. Przylega do niego okaza\u0142y <b>gotycki ratusz<\/b>, pod kt\u00f3rym stoi dawny <b>pr\u0119gierz<\/b>. Dawne miejsce ka\u017ani z\u0142oczy\u0144c\u00f3w to dzi\u015b (troch\u0119 ironicznie) ulubione miejsce spotka\u0144 mieszka\u0144c\u00f3w. Zapu\u015b\u0107cie si\u0119 w w\u0105skie uliczki bloku wewn\u0119trznej zabudowy, przy kt\u00f3rych dzia\u0142a mn\u00f3stwo klimatycznych knajpek i restauracji. W Przej\u015bciu Garncarskim pod numerem 2 znajdziecie popularn\u0105 w\u015br\u00f3d m\u0142odych wroc\u0142awian <b>ksi\u0119garni\u0119 Tajne Komplety<\/b>, a kawa\u0142ek w bok od rynku, przy <b>ulicy Jatki<\/b> \u2013 liczne galerie sztuki i sklepiki. Je\u015bli za\u015b zaczynacie dzie\u0144 z pustym \u017co\u0142\u0105dkiem, najlepszym rozwi\u0105zaniem b\u0119dzie \u015bniadanie w <b>Bu\u0142ce z Mas\u0142em<\/b> (ulica W\u0142odkowica 8A &#8211; tam jeszcze wr\u00f3cimy).<\/p>\r\n\r\n\r\n\r\n<p><img decoding=\"async\" class=\"size-medium wp-image-1328 alignright\" src=\"https:\/\/polandsoultravel.com\/wp-content\/uploads\/2022\/03\/guy-931433_1920-300x182.jpg\" alt=\"\" width=\"300\" height=\"182\" srcset=\"https:\/\/polandsoultravel.com\/wp-content\/uploads\/2022\/03\/guy-931433_1920-300x182.jpg 300w, https:\/\/polandsoultravel.com\/wp-content\/uploads\/2022\/03\/guy-931433_1920-1024x620.jpg 1024w, https:\/\/polandsoultravel.com\/wp-content\/uploads\/2022\/03\/guy-931433_1920-768x465.jpg 768w, https:\/\/polandsoultravel.com\/wp-content\/uploads\/2022\/03\/guy-931433_1920-1536x930.jpg 1536w, https:\/\/polandsoultravel.com\/wp-content\/uploads\/2022\/03\/guy-931433_1920.jpg 1920w\" sizes=\"(max-width: 300px) 100vw, 300px\" \/>W\u0142\u00f3cz\u0105c si\u0119 po uliczkach, zwr\u00f3\u0107cie uwag\u0119 na malutkie <b>figurki krasnoludk\u00f3w<\/b>. Stroj\u0105 r\u00f3\u017cne, ekstrawaganckie pozy i ciesz\u0105 si\u0119 nies\u0142abn\u0105c\u0105 sympati\u0105 mieszka\u0144c\u00f3w i turyst\u00f3w. W ca\u0142ym Wroc\u0142awiu jest ich ponad 360! To pami\u0105tka po <b>Pomara\u0144czowej Alternatywie<\/b> \u2013 ruchu, kt\u00f3rego przedstawiciele w pomara\u0144czowych czapkach z pomponami pr\u00f3bowali o\u015bmieszy\u0107 absurdy p\u00f3\u017anych lat komunizmu w Polsce.<\/p>\r\n<p>&nbsp;<\/p>\r\n\r\n\r\n\r\n<p>Chc\u0105c poczu\u0107 duch \u015bredniowiecznego Wroc\u0142awia, najlepiej skr\u0119ci\u0107 w stron\u0119 gotyckiej <b>Katedry \u015bw. Marii Magdaleny<\/b>. Dwie ceglane wie\u017ce tej ogromnej budowli \u0142\u0105czy na wysoko\u015bci 45 metr\u00f3w tak zwany <b>Mostek Pokutnic<\/b>. Swoj\u0105 nazw\u0119 zawdzi\u0119cza lokalnym legendom, w kt\u00f3rych dawni wroc\u0142awianie chcieli zostawi\u0107 na nim kobiety preferuj\u0105ce zabaw\u0119 od opieki nad domem i dzie\u0107mi. Niezale\u017cnie od tego, czy macie za co pokutowa\u0107, spr\u00f3bujcie wdrapa\u0107 si\u0119 na t\u0119 w\u0105sk\u0105 k\u0142adk\u0119, by m\u00f3c podziwia\u0107 z niej pi\u0119kn\u0105 panoram\u0119 Wroc\u0142awia. Na g\u00f3rze brakuje chyba tylko dzwonnika z Notre Dame!<\/p>\r\n\r\n\r\n\r\n<p><a href=\"https:\/\/visitwroclaw.eu\/miejsce\/mostek-pokutnic-wroclaw\">Wi\u0119cej o Mostku Pokutnic<\/a><\/p>\r\n\r\n\r\n\r\n<p>&nbsp;<\/p>\r\n\r\n\r\n\r\n<p>&nbsp;<\/p>\r\n\r\n\r\n\r\n<p><strong><b>W stron\u0119 Odry \u2013 Cafe Kalambur<\/b><\/strong><\/p>\r\n\r\n\r\n\r\n<p>Z Rynku udajemy si\u0119 <b>ulic\u0105 Ku\u017anicz\u0105<\/b> w stron\u0119 nabrze\u017cy Odry. Po drodze, pod numerem 29 mie\u015bci si\u0119 <b>Art<\/b> <b>Cafe Kalambur<\/b>. Czaruj\u0105ca knajpka to tradycyjnie miejsce spotka\u0144 tutejszej artystycznej bohemy \u2013 najlepsze lata wydaje si\u0119 mie\u0107 dawno za sob\u0105, jak wiele kawiarenek okre\u015blanych w przewodnikach jako \u201eartystyczne\u201d, ale nie zawiedziecie si\u0119 widokiem intryguj\u0105cego, secesyjnego wn\u0119trza. W ca\u0142ym Wroc\u0142awiu jest g\u0119sto od pi\u0119knych kamienic w stylu art d\u00e9co \u2013 to owoc mieszcza\u0144skiej prosperity, jakie prze\u017cywa\u0142o miasto na prze\u0142omie XIX i XX wieku.<\/p>\r\n\r\n\r\n\r\n<p><img decoding=\"async\" class=\"size-medium wp-image-1329 alignleft\" src=\"https:\/\/polandsoultravel.com\/wp-content\/uploads\/2022\/03\/wroclaw-1044906_1920-300x169.jpg\" alt=\"\" width=\"300\" height=\"169\" srcset=\"https:\/\/polandsoultravel.com\/wp-content\/uploads\/2022\/03\/wroclaw-1044906_1920-300x169.jpg 300w, https:\/\/polandsoultravel.com\/wp-content\/uploads\/2022\/03\/wroclaw-1044906_1920-1024x575.jpg 1024w, https:\/\/polandsoultravel.com\/wp-content\/uploads\/2022\/03\/wroclaw-1044906_1920-768x432.jpg 768w, https:\/\/polandsoultravel.com\/wp-content\/uploads\/2022\/03\/wroclaw-1044906_1920-1536x863.jpg 1536w, https:\/\/polandsoultravel.com\/wp-content\/uploads\/2022\/03\/wroclaw-1044906_1920.jpg 1920w\" sizes=\"(max-width: 300px) 100vw, 300px\" \/>Kawa\u0142ek dalej rozpoczyna si\u0119 zabudowa g\u0142\u00f3wnego gmachu tutejszego <b>uniwersytetu<\/b>, kt\u00f3ry z drugiej strony przylega wprost do Odry. Je\u015bli macie chwil\u0119, zajrzyjcie do uniwersyteckiego muzeum, by zobaczy\u0107 <b><i>Aula Leopoldina<\/i><\/b> \u2013 reprezentacyjn\u0105 sal\u0119 uczelni. Rozbuchane, j\u0119drne rze\u017aby i malowid\u0142a wype\u0142niaj\u0105ce wn\u0119trze to prawdziwa esencja baroku.<\/p>\r\n\r\n\r\n\r\n<p>Kawa\u0142ek w bok, w interesuj\u0105cej architektonicznie, sklepionej \u017celbetowymi \u0142ukami <b>Hali Targowej<\/b> kupicie mn\u00f3stwo lokalnych produkt\u00f3w i po prostu dobrze zjecie. Pe\u0142no tu stragan\u00f3w, na kt\u00f3rych wroc\u0142awianie robi\u0105 codzienne zakupy, a tak\u017ce rzemie\u015blnik\u00f3w i punkt\u00f3w obs\u0142uguj\u0105cych tutejsz\u0105 spo\u0142eczno\u015b\u0107 studenck\u0105.<\/p>\r\n\r\n\r\n\r\n<p><a href=\"https:\/\/visitwroclaw.eu\/miejsce\/aula-leopoldina-uniwersytet-wroclawski\">Wi\u0119cej o Auli Leopoldina<\/a><\/p>\r\n\r\n\r\n\r\n\r\n\r\n<p>&nbsp;<\/p>\r\n\r\n\r\n\r\n<p><b>Panorama Rac\u0142awicka<\/b><\/p>\r\n\r\n\r\n\r\n<p><img decoding=\"async\" class=\"size-medium wp-image-1330 alignright\" src=\"https:\/\/polandsoultravel.com\/wp-content\/uploads\/2022\/03\/wroclaw-3857937_1920-300x200.jpg\" alt=\"\" width=\"300\" height=\"200\" srcset=\"https:\/\/polandsoultravel.com\/wp-content\/uploads\/2022\/03\/wroclaw-3857937_1920-300x200.jpg 300w, https:\/\/polandsoultravel.com\/wp-content\/uploads\/2022\/03\/wroclaw-3857937_1920-1024x684.jpg 1024w, https:\/\/polandsoultravel.com\/wp-content\/uploads\/2022\/03\/wroclaw-3857937_1920-768x513.jpg 768w, https:\/\/polandsoultravel.com\/wp-content\/uploads\/2022\/03\/wroclaw-3857937_1920-1536x1026.jpg 1536w, https:\/\/polandsoultravel.com\/wp-content\/uploads\/2022\/03\/wroclaw-3857937_1920.jpg 1920w\" sizes=\"(max-width: 300px) 100vw, 300px\" \/>Z Hali Targowej ju\u017c dwa kroki nad brzegi Odry, kt\u00f3ra op\u0142ywa tutaj z dw\u00f3ch stron wysp\u0119 Piasek. Mo\u017cecie st\u0105d zrobi\u0107 kr\u00f3tki spacer do <b>Panoramy Rac\u0142awickiej<\/b>. Cylindryczny obraz, namalowany na p\u0142\u00f3tnie \u017caglowym w czternastu kawa\u0142kach o \u0142\u0105cznej d\u0142ugo\u015bci 114 metr\u00f3w to nie tylko niezwyk\u0142e z\u0142udzenie optyczne i popis XIX-wiecznego malarstwa, ale te\u017c symbol powojennej w\u0119dr\u00f3wki dzie\u0142 polskiej kultury ze Lwowa do Wroc\u0142awia. Obraz przedstawia bitw\u0119 stoczon\u0105 w trakcie jednego z antyrosyjskich powsta\u0144 pod koniec XVIII wieku. Oryginalnie eksponowany we Lwowie, po d\u0142ugich negocjacjach ze Zwi\u0105zkiem Radzieckim znalaz\u0142 sw\u00f3j nowy dom we Wroc\u0142awiu.<\/p>\r\n\r\n\r\n\r\n<p><a href=\"https:\/\/mnwr.pl\/category\/oddzialy\/panorama-raclawicka\/\">Wi\u0119cej o Panoramie Rac\u0142awickiej<\/a><\/p>\r\n\r\n\r\n\r\n\r\n\r\n<p>&nbsp;<\/p>\r\n\r\n\r\n\r\n<p><b>Nad Odr\u0105<\/b><\/p>\r\n\r\n\r\n\r\n<p><img decoding=\"async\" class=\"size-medium wp-image-1332 alignleft\" src=\"https:\/\/polandsoultravel.com\/wp-content\/uploads\/2022\/03\/wroclaw-3770262_1920-300x200.jpg\" alt=\"\" width=\"300\" height=\"200\" srcset=\"https:\/\/polandsoultravel.com\/wp-content\/uploads\/2022\/03\/wroclaw-3770262_1920-300x200.jpg 300w, https:\/\/polandsoultravel.com\/wp-content\/uploads\/2022\/03\/wroclaw-3770262_1920-1024x683.jpg 1024w, https:\/\/polandsoultravel.com\/wp-content\/uploads\/2022\/03\/wroclaw-3770262_1920-768x512.jpg 768w, https:\/\/polandsoultravel.com\/wp-content\/uploads\/2022\/03\/wroclaw-3770262_1920-1536x1024.jpg 1536w, https:\/\/polandsoultravel.com\/wp-content\/uploads\/2022\/03\/wroclaw-3770262_1920.jpg 1920w\" sizes=\"(max-width: 300px) 100vw, 300px\" \/><\/p>\r\n<p>Przez dwa mosty przy wyspie Piasek mo\u017cna si\u0119 te\u017c dosta\u0107 na <b>Ostr\u00f3w Tumski<\/b> \u2013 najstarsz\u0105 cz\u0119\u015b\u0107 miasta. Ozdob\u0105 tej male\u0144kiej, zacisznej dzielnicy, nad kt\u00f3r\u0105 wznosz\u0105 si\u0119 wie\u017ce Archikatedry \u015bw. Jana Chrzciciela s\u0105 oryginalne <b>lampy gazowe<\/b>, zapalane co wiecz\u00f3r przez zakapturzon\u0105 posta\u0107 w czarnej pelerynie. To nie \u017cart! Obowi\u0105zkiem zatrudnianych przez miasto latarnik\u00f3w jest codzienne zapalanie i wygaszanie prawie 100 zabytkowych latar\u0144, kt\u00f3re sta\u0142y si\u0119 jednym z symboli Wroc\u0142awia.<\/p>\r\n<p>Je\u015bli trafili\u015bcie na ciep\u0142y dzie\u0144, koniecznie spr\u00f3bujcie <b>lod\u00f3w<\/b> z pobliskiej lodziarni (Polish Lody, plac Bema). Nie maj\u0105 sobie r\u00f3wnych!<\/p>\r\n\r\n\r\n\r\n<p><img decoding=\"async\" class=\"size-medium wp-image-1331 alignright\" src=\"https:\/\/polandsoultravel.com\/wp-content\/uploads\/2022\/03\/wroclaw-3379303_1920-300x195.jpg\" alt=\"\" width=\"300\" height=\"195\" srcset=\"https:\/\/polandsoultravel.com\/wp-content\/uploads\/2022\/03\/wroclaw-3379303_1920-300x195.jpg 300w, https:\/\/polandsoultravel.com\/wp-content\/uploads\/2022\/03\/wroclaw-3379303_1920-1024x666.jpg 1024w, https:\/\/polandsoultravel.com\/wp-content\/uploads\/2022\/03\/wroclaw-3379303_1920-768x499.jpg 768w, https:\/\/polandsoultravel.com\/wp-content\/uploads\/2022\/03\/wroclaw-3379303_1920-1536x998.jpg 1536w, https:\/\/polandsoultravel.com\/wp-content\/uploads\/2022\/03\/wroclaw-3379303_1920.jpg 1920w\" sizes=\"(max-width: 300px) 100vw, 300px\" \/>Wracamy na wysp\u0119 PIasek malowniczym <b>Mostem Tumskim<\/b>, regularnie obwieszanym k\u0142\u00f3dkami, kt\u00f3re zostawiaj\u0105 na nim zakochani. Je\u017celi jeste\u015bmy we Wroc\u0142awiu w ko\u0144c\u00f3wk\u0119 wiosny lub lato, to dobry moment by wybra\u0107 si\u0119 na poblisk\u0105 <b>Wysp\u0119 S\u0142odow\u0105<\/b>. Pe\u0142no tam nadbrze\u017cnych lub zwodowanych na barkach bar\u00f3w, w kt\u00f3rych wypoczniecie przed dalsz\u0105 cz\u0119\u015bci\u0105 zwiedzania. Widok barokowych budynk\u00f3w uniwersytetu pi\u0119trz\u0105cych si\u0119 nad wod\u0105 i zielonych wysepek na Odrze to co\u015b, co zostaje w pami\u0119ci na d\u0142ugo!<\/p>\r\n\r\n\r\n\r\n<p>&nbsp;<\/p>\r\n\r\n\r\n\r\n<p>&nbsp;<\/p>\r\n\r\n\r\n\r\n<p><strong><b>Wycieczka do Hali Stulecia<\/b><\/strong><\/p>\r\n\r\n\r\n\r\n<p>W tym momencie proponujemy zmieni\u0107 okolic\u0119 i uda\u0107 si\u0119 na reprezentacyjne tereny Hali Stulecia. Dojedziecie tam wygodnie tramwajami nr 1, 2, 10 lub 4 z przeciwleg\u0142ego brzegu Odry.<\/p>\r\n\r\n\r\n\r\n<p><img decoding=\"async\" class=\"size-medium wp-image-1333 alignleft\" src=\"https:\/\/polandsoultravel.com\/wp-content\/uploads\/2022\/03\/Fotolia_68900845_Subscription_XXL-300x200.jpg\" alt=\"\" width=\"300\" height=\"200\" srcset=\"https:\/\/polandsoultravel.com\/wp-content\/uploads\/2022\/03\/Fotolia_68900845_Subscription_XXL-300x200.jpg 300w, https:\/\/polandsoultravel.com\/wp-content\/uploads\/2022\/03\/Fotolia_68900845_Subscription_XXL-1024x684.jpg 1024w, https:\/\/polandsoultravel.com\/wp-content\/uploads\/2022\/03\/Fotolia_68900845_Subscription_XXL-768x513.jpg 768w, https:\/\/polandsoultravel.com\/wp-content\/uploads\/2022\/03\/Fotolia_68900845_Subscription_XXL-1536x1025.jpg 1536w, https:\/\/polandsoultravel.com\/wp-content\/uploads\/2022\/03\/Fotolia_68900845_Subscription_XXL-scaled.jpg 2048w\" sizes=\"(max-width: 300px) 100vw, 300px\" \/>Monumentalna <b>Hala Stulecia<\/b> to symboliczny zwiastun ery betonu w budownictwie. Powsta\u0142a z okazji wystawy, kt\u00f3r\u0105 cesarz Niemiec chcia\u0142 uczci\u0107 w 1913 roku 100. rocznic\u0119 zwyci\u0119stwa nad Napoleonem. Kiedy g\u0142\u00f3wny architekt Wroc\u0142awia, <b>Max Berg<\/b>, publicznie zaprezentowa\u0142 plan wykonania budynku z najwi\u0119ksz\u0105 w\u00f3wczas kopu\u0142\u0105 na \u015bwiecie, stworzonego w ca\u0142o\u015bci z ma\u0142o w\u00f3wczas znanego materia\u0142u \u2013 <b>\u017celbetonu<\/b>, wychowane na erze stali \u015brodowisko architektoniczne dos\u0142ownie puka\u0142o si\u0119 w czo\u0142a. A\u017curowa, intensywnie do\u015bwietlona licznymi oknami konstrukcja s\u0142usznie przynios\u0142a Wroc\u0142awiowi mi\u0119dzynarodowy rozg\u0142os, a mimo up\u0142ywu lat hala zachwyca swoimi proporcjami i architektonicznym kunsztem. Kilkana\u015bcie lat temu to arcydzie\u0142o wczesnego modernizmu trafi\u0142o na <b>List\u0119 \u015awiatowego Dziedzictwa UNESCO<\/b>.<\/p>\r\n<p>&nbsp;<\/p>\r\n\r\n\r\n\r\n<p><img decoding=\"async\" class=\"size-medium wp-image-1334 alignright\" src=\"https:\/\/polandsoultravel.com\/wp-content\/uploads\/2022\/03\/fountain-3374512_1920-300x200.jpg\" alt=\"\" width=\"300\" height=\"200\" srcset=\"https:\/\/polandsoultravel.com\/wp-content\/uploads\/2022\/03\/fountain-3374512_1920-300x200.jpg 300w, https:\/\/polandsoultravel.com\/wp-content\/uploads\/2022\/03\/fountain-3374512_1920-1024x683.jpg 1024w, https:\/\/polandsoultravel.com\/wp-content\/uploads\/2022\/03\/fountain-3374512_1920-768x512.jpg 768w, https:\/\/polandsoultravel.com\/wp-content\/uploads\/2022\/03\/fountain-3374512_1920-1536x1024.jpg 1536w, https:\/\/polandsoultravel.com\/wp-content\/uploads\/2022\/03\/fountain-3374512_1920.jpg 1920w\" sizes=\"(max-width: 300px) 100vw, 300px\" \/>Hal\u0119 otaczaj\u0105 zaplanowane z rozmachem tereny zielone: imponuj\u0105ca <b>kolumnada przykryta pergol\u0105<\/b>, na kt\u00f3rej latem \u015bcieli si\u0119 ziele\u0144, zaciszny <b>Ogr\u00f3d Japo\u0144ski<\/b> czy poprzedzaj\u0105cy realizacje Berga ogr\u00f3d zoologiczny. Koniecznie odwied\u017acie s\u0105siedni <b>Pawilon Czterech Kopu\u0142<\/b>, w kt\u00f3rym mie\u015bci si\u0119 wspania\u0142a wystawa prezentuj\u0105ca dzie\u0142a najlepszych polskich tw\u00f3rc\u00f3w sztuki wsp\u00f3\u0142czesnej.<\/p>\r\n<p>&nbsp;<\/p>\r\n<p>&nbsp;<\/p>\r\n<p>Powojenny Wroc\u0142aw sta\u0142 si\u0119 artystycznym tyglem \u2013 w oderwaniu od swoich korzeni, ale w \u015bcis\u0142ej \u0142\u0105czno\u015bci z w\u0142asn\u0105 wyobra\u017ani\u0105 tworzyli tutaj chocia\u017cby wizjoner wsp\u00f3\u0142czesnego teatru <b>Jerzy Grotowski<\/b> czy mistrz surrealizmu w kinie <b>Wojciech Jerzy Has<\/b>. Obok prac tak uznanych w \u015bwiecie sztuki wsp\u00f3\u0142czesnej tw\u00f3rc\u00f3w, jak <b>Miros\u0142aw Ba\u0142ka<\/b>, wroc\u0142awskie muzeum posiada najwi\u0119ksz\u0105 kolekcj\u0119 dzie\u0142 <b>Magdaleny Abakanowicz<\/b> \u2013 artystki, kt\u00f3ra zrewolucjonizowa\u0142a dzisiejsze rozumienie rze\u017aby.<\/p>\r\n\r\n\r\n\r\n<p><a href=\"https:\/\/halastulecia.pl\/o-hali\/\">Strona internetowa Hali Stulecia<\/a><\/p>\r\n\r\n\r\n\r\n<p><a href=\"https:\/\/mnwr.pl\/category\/oddzialy\/pawilon-czterech-kopul\/\">Strona internetowa Pawilonu Czterech Kopu\u0142<\/a><\/p>\r\n\r\n\r\n\r\n\r\n\r\n<p>&nbsp;<\/p>\r\n\r\n\r\n\r\n<p><strong>Wieczorem<\/strong><\/p>\r\n\r\n\r\n\r\n<p><img decoding=\"async\" class=\"size-medium wp-image-1335 alignleft\" src=\"https:\/\/polandsoultravel.com\/wp-content\/uploads\/2022\/03\/dawid-zawila-OnafBB6V_PM-unsplash-1-300x200.jpg\" alt=\"\" width=\"300\" height=\"200\" srcset=\"https:\/\/polandsoultravel.com\/wp-content\/uploads\/2022\/03\/dawid-zawila-OnafBB6V_PM-unsplash-1-300x200.jpg 300w, https:\/\/polandsoultravel.com\/wp-content\/uploads\/2022\/03\/dawid-zawila-OnafBB6V_PM-unsplash-1-1024x683.jpg 1024w, https:\/\/polandsoultravel.com\/wp-content\/uploads\/2022\/03\/dawid-zawila-OnafBB6V_PM-unsplash-1-768x512.jpg 768w, https:\/\/polandsoultravel.com\/wp-content\/uploads\/2022\/03\/dawid-zawila-OnafBB6V_PM-unsplash-1-1536x1024.jpg 1536w, https:\/\/polandsoultravel.com\/wp-content\/uploads\/2022\/03\/dawid-zawila-OnafBB6V_PM-unsplash-1.jpg 1920w\" sizes=\"(max-width: 300px) 100vw, 300px\" \/>Wasz pobyt we Wroc\u0142awiu b\u0119dzie niepe\u0142ny bez wieczornego wypadu w ulubiony przez mieszka\u0144c\u00f3w kwarta\u0142 wok\u00f3\u0142 <b>ulicy Paw\u0142a W\u0142odkowica<\/b>. To nie tylko miejsce koncentracji najciekawszych <b>kawiarni i klub\u00f3w<\/b> z dobr\u0105 muzyk\u0105, ale zak\u0105tek, w kt\u00f3rym wybrzmiewa najmocniej wielokulturowe DNA miasta \u2013 na przestrzeni kilku ulic mieszcz\u0105 si\u0119 tutaj ko\u015bci\u00f3\u0142 katolicki, zb\u00f3r protestancki, cerkiew prawos\u0142awna i szcz\u0119\u015bliwie ocala\u0142a w czasie wojny, wystawna <b>Synagoga Pod Bia\u0142ym Bocianem<\/b>.<\/p>\r\n<p>&nbsp;<\/p>\r\n<p>Po 20 latach \u017cmudnych prac konserwatorskich, w reprezentacyjnym wn\u0119trzu \u017cydowskiej \u015bwi\u0105tyni odbywaj\u0105 si\u0119 dzi\u015b nabo\u017ce\u0144stwa i koncerty.<\/p>\r\n\r\n\r\n\r\n<p><img decoding=\"async\" class=\"size-medium wp-image-1336 alignright\" src=\"https:\/\/polandsoultravel.com\/wp-content\/uploads\/2022\/03\/wiktor-karkocha-Uj7l0fHJHFc-unsplash-300x200.jpg\" alt=\"\" width=\"300\" height=\"200\" srcset=\"https:\/\/polandsoultravel.com\/wp-content\/uploads\/2022\/03\/wiktor-karkocha-Uj7l0fHJHFc-unsplash-300x200.jpg 300w, https:\/\/polandsoultravel.com\/wp-content\/uploads\/2022\/03\/wiktor-karkocha-Uj7l0fHJHFc-unsplash-1024x683.jpg 1024w, https:\/\/polandsoultravel.com\/wp-content\/uploads\/2022\/03\/wiktor-karkocha-Uj7l0fHJHFc-unsplash-768x512.jpg 768w, https:\/\/polandsoultravel.com\/wp-content\/uploads\/2022\/03\/wiktor-karkocha-Uj7l0fHJHFc-unsplash-1536x1024.jpg 1536w, https:\/\/polandsoultravel.com\/wp-content\/uploads\/2022\/03\/wiktor-karkocha-Uj7l0fHJHFc-unsplash.jpg 1920w\" sizes=\"(max-width: 300px) 100vw, 300px\" \/>Rekomendujemy kr\u00f3tki przystanek w <b>klubie Mleczarnia<\/b>, z uwielbianym przez wroc\u0142awian, kameralnym podw\u00f3rkiem, kt\u00f3re latem wype\u0142niaj\u0105 le\u017caki, kolacj\u0119 w nieco ekscentrycznej, latynoameryka\u0144skiej restauracji <b>Peruviana<\/b>, eleganck\u0105 <b>winiarnio-ksi\u0119garni\u0119 Cocofli<\/b> czy <b>pizz\u0119 z ulicy W\u0142odkowica<\/b>, o kt\u00f3rej (dos\u0142ownie!) kr\u0105\u017c\u0105 w mie\u015bcie legendy.<\/p>\r\n\r\n\r\n\r\n<p>&nbsp;<\/p>\r\n\r\n\r\n\r\n<p>&nbsp;<\/p>\r\n\r\n\r\n\r\n<p><strong><b>Na dok\u0142adk\u0119 \u2013 festiwale<\/b><\/strong><\/p>\r\n\r\n\r\n\r\n<p><img decoding=\"async\" class=\"size-medium wp-image-1337 alignleft\" src=\"https:\/\/polandsoultravel.com\/wp-content\/uploads\/2022\/03\/anna-gru-Y1uBl86TWos-unsplash-300x200.jpg\" alt=\"\" width=\"300\" height=\"200\" srcset=\"https:\/\/polandsoultravel.com\/wp-content\/uploads\/2022\/03\/anna-gru-Y1uBl86TWos-unsplash-300x200.jpg 300w, https:\/\/polandsoultravel.com\/wp-content\/uploads\/2022\/03\/anna-gru-Y1uBl86TWos-unsplash-1024x683.jpg 1024w, https:\/\/polandsoultravel.com\/wp-content\/uploads\/2022\/03\/anna-gru-Y1uBl86TWos-unsplash-768x512.jpg 768w, https:\/\/polandsoultravel.com\/wp-content\/uploads\/2022\/03\/anna-gru-Y1uBl86TWos-unsplash-1536x1025.jpg 1536w, https:\/\/polandsoultravel.com\/wp-content\/uploads\/2022\/03\/anna-gru-Y1uBl86TWos-unsplash.jpg 1920w\" sizes=\"(max-width: 300px) 100vw, 300px\" \/>Je\u015bli starczy Wam si\u0142 po tak obfitym programie zwiedzania, spr\u00f3bujcie si\u0119 wybra\u0107 do <b>Narodowego Forum Muzyki<\/b>, by wzi\u0105\u0107 udzia\u0142 w jednym z kulturalnych wydarze\u0144, z jakich znany jest w Polsce Wroc\u0142aw. Nowoczesny obiekt z obszern\u0105 sal\u0105 o znakomitej akustyce powsta\u0142 we Wroc\u0142awiu z okazji obchod\u00f3w Europejskiej Stolicy Kultury. Odbywaj\u0105 si\u0119 tu mi\u0119dzy innymi koncerty festiwalu muzyki powa\u017cnej <b>Wratislavia Cantans<\/b> (co roku we wrze\u015bniu) czy festiwalu <b>Jazz nad Odr\u0105<\/b> (r\u00f3wnie\u017c wrzesie\u0144).<\/p>\r\n<p>Druga z wymienionych imprez ma za sob\u0105 d\u0142ug\u0105, niemal 60-letni\u0105 histori\u0119 \u2013 to jeden z najwa\u017cniejszych punkt\u00f3w w kalendarzu polskich mi\u0142o\u015bnik\u00f3w jazzu.<\/p>\r\n\r\n\r\n\r\n<p>Niezale\u017cnie od tego, ile z wymienionych wy\u017cej rzeczy uda si\u0119 Wam zrobi\u0107 w czasie pobytu we Wroc\u0142awiu, wyjedziecie st\u0105d na\u0142adowani dobrymi wspomnieniami. Tego miasta nie da si\u0119 nie lubi\u0107!<\/p>\r\n\r\n\r\n\r\n<p><a href=\"http:\/\/wratislaviacantans.pl\/\">Strona internetowa festiwalu Wratislavia Cantans<\/a><\/p>\r\n\r\n\r\n\r\n<p><a href=\"https:\/\/jazznadodra.pl\">Strona internetowa festiwalu Jazz nad Odr\u0105<\/a><\/p>\r\n<p>&nbsp;<\/p>\r\n","protected":false},"excerpt":{"rendered":"<p>W paru s\u0142owach Mieszka\u0144com Wroc\u0142awia mo\u017cna zazdro\u015bci\u0107 wiele, ale chyba najbardziej \u2013 nieuchwytnej, bezpretensjonalnej energii i luzu, kt\u00f3ry unosi si\u0119 pomi\u0119dzy eleganckimi, secesyjnymi ulicami tego miasta. Klimat historycznej stolicy regionu \u015al\u0105ska i czwartego najwi\u0119kszego miasta dzisiejszej Polski tworzy rzeka Odra, prze\u015blizguj\u0105ca si\u0119 tu przez centrum kilkoma odnogami i bocznymi zakolami, kt\u00f3re tworz\u0105 liczne wyspy. Wed\u0142ug [&hellip;]<\/p>\n","protected":false},"author":1,"featured_media":9286,"comment_status":"open","ping_status":"open","sticky":false,"template":"","format":"standard","meta":{"_acf_changed":false,"footnotes":""},"categories":[41,33],"tags":[],"class_list":["post-6508","post","type-post","status-publish","format-standard","has-post-thumbnail","hentry","category-miasta-pl","category-opowiesc-sudety-pl"],"acf":[],"yoast_head":"<!-- This site is optimized with the Yoast SEO plugin v24.4 - https:\/\/yoast.com\/wordpress\/plugins\/seo\/ -->\n<title>Wroc\u0142aw w stylu slow - Poland Soul Travel - Poland. Come Closer.<\/title>\n<meta name=\"robots\" content=\"index, follow, max-snippet:-1, max-image-preview:large, max-video-preview:-1\" \/>\n<link rel=\"canonical\" href=\"https:\/\/polandsoultravel.com\/pl\/breslau\/\" \/>\n<meta property=\"og:locale\" content=\"pl_PL\" \/>\n<meta property=\"og:type\" content=\"article\" \/>\n<meta property=\"og:title\" content=\"Wroc\u0142aw w stylu slow - Poland Soul Travel - Poland. Come Closer.\" \/>\n<meta property=\"og:description\" content=\"W paru s\u0142owach Mieszka\u0144com Wroc\u0142awia mo\u017cna zazdro\u015bci\u0107 wiele, ale chyba najbardziej \u2013 nieuchwytnej, bezpretensjonalnej energii i luzu, kt\u00f3ry unosi si\u0119 pomi\u0119dzy eleganckimi, secesyjnymi ulicami tego miasta. Klimat historycznej stolicy regionu \u015al\u0105ska i czwartego najwi\u0119kszego miasta dzisiejszej Polski tworzy rzeka Odra, prze\u015blizguj\u0105ca si\u0119 tu przez centrum kilkoma odnogami i bocznymi zakolami, kt\u00f3re tworz\u0105 liczne wyspy. Wed\u0142ug [&hellip;]\" \/>\n<meta property=\"og:url\" content=\"https:\/\/polandsoultravel.com\/pl\/breslau\/\" \/>\n<meta property=\"og:site_name\" content=\"Poland Soul Travel - Poland. Come Closer.\" \/>\n<meta property=\"article:published_time\" content=\"2022-03-13T11:44:19+00:00\" \/>\n<meta property=\"article:modified_time\" content=\"2023-07-19T09:51:31+00:00\" \/>\n<meta property=\"og:image\" content=\"https:\/\/polandsoultravel.com\/wp-content\/uploads\/2022\/03\/wroclaw_rynek.jpg\" \/>\n\t<meta property=\"og:image:width\" content=\"1920\" \/>\n\t<meta property=\"og:image:height\" content=\"1440\" \/>\n\t<meta property=\"og:image:type\" content=\"image\/jpeg\" \/>\n<meta name=\"author\" content=\"Tomasz \u017baczyk | tojekmek.pl\" \/>\n<meta name=\"twitter:card\" content=\"summary_large_image\" \/>\n<meta name=\"twitter:label1\" content=\"Napisane przez\" \/>\n\t<meta name=\"twitter:data1\" content=\"Tomasz \u017baczyk | tojekmek.pl\" \/>\n\t<meta name=\"twitter:label2\" content=\"Szacowany czas czytania\" \/>\n\t<meta name=\"twitter:data2\" content=\"12 minut\" \/>\n<script type=\"application\/ld+json\" class=\"yoast-schema-graph\">{\"@context\":\"https:\/\/schema.org\",\"@graph\":[{\"@type\":\"Article\",\"@id\":\"https:\/\/polandsoultravel.com\/pl\/breslau\/#article\",\"isPartOf\":{\"@id\":\"https:\/\/polandsoultravel.com\/pl\/breslau\/\"},\"author\":{\"name\":\"Tomasz \u017baczyk | tojekmek.pl\",\"@id\":\"https:\/\/polandsoultravel.com\/pl\/#\/schema\/person\/64fe8dadd65e382e283226f1a4e7122b\"},\"headline\":\"Wroc\u0142aw w stylu slow\",\"datePublished\":\"2022-03-13T11:44:19+00:00\",\"dateModified\":\"2023-07-19T09:51:31+00:00\",\"mainEntityOfPage\":{\"@id\":\"https:\/\/polandsoultravel.com\/pl\/breslau\/\"},\"wordCount\":1821,\"commentCount\":0,\"publisher\":{\"@id\":\"https:\/\/polandsoultravel.com\/pl\/#organization\"},\"image\":{\"@id\":\"https:\/\/polandsoultravel.com\/pl\/breslau\/#primaryimage\"},\"thumbnailUrl\":\"https:\/\/polandsoultravel.com\/wp-content\/uploads\/2022\/03\/wroclaw_rynek.jpg\",\"articleSection\":[\"Miasta\",\"Opowie\u015b\u0107 &#8211; Sudety\"],\"inLanguage\":\"pl-PL\",\"potentialAction\":[{\"@type\":\"CommentAction\",\"name\":\"Comment\",\"target\":[\"https:\/\/polandsoultravel.com\/pl\/breslau\/#respond\"]}]},{\"@type\":\"WebPage\",\"@id\":\"https:\/\/polandsoultravel.com\/pl\/breslau\/\",\"url\":\"https:\/\/polandsoultravel.com\/pl\/breslau\/\",\"name\":\"Wroc\u0142aw w stylu slow - Poland Soul Travel - Poland. Come Closer.\",\"isPartOf\":{\"@id\":\"https:\/\/polandsoultravel.com\/pl\/#website\"},\"primaryImageOfPage\":{\"@id\":\"https:\/\/polandsoultravel.com\/pl\/breslau\/#primaryimage\"},\"image\":{\"@id\":\"https:\/\/polandsoultravel.com\/pl\/breslau\/#primaryimage\"},\"thumbnailUrl\":\"https:\/\/polandsoultravel.com\/wp-content\/uploads\/2022\/03\/wroclaw_rynek.jpg\",\"datePublished\":\"2022-03-13T11:44:19+00:00\",\"dateModified\":\"2023-07-19T09:51:31+00:00\",\"inLanguage\":\"pl-PL\",\"potentialAction\":[{\"@type\":\"ReadAction\",\"target\":[\"https:\/\/polandsoultravel.com\/pl\/breslau\/\"]}]},{\"@type\":\"ImageObject\",\"inLanguage\":\"pl-PL\",\"@id\":\"https:\/\/polandsoultravel.com\/pl\/breslau\/#primaryimage\",\"url\":\"https:\/\/polandsoultravel.com\/wp-content\/uploads\/2022\/03\/wroclaw_rynek.jpg\",\"contentUrl\":\"https:\/\/polandsoultravel.com\/wp-content\/uploads\/2022\/03\/wroclaw_rynek.jpg\",\"width\":1920,\"height\":1440},{\"@type\":\"WebSite\",\"@id\":\"https:\/\/polandsoultravel.com\/pl\/#website\",\"url\":\"https:\/\/polandsoultravel.com\/pl\/\",\"name\":\"Poland Soul Travel - Poland. Come Closer.\",\"description\":\"Zusammen mit unseren Fremdenf\u00fchrern, den Gastgebern von klimatischen G\u00e4steh\u00e4usern aus verschiedenen Teilen des Landes, lernen Sie f\u00fcnf einzigartige Regionen.\",\"publisher\":{\"@id\":\"https:\/\/polandsoultravel.com\/pl\/#organization\"},\"potentialAction\":[{\"@type\":\"SearchAction\",\"target\":{\"@type\":\"EntryPoint\",\"urlTemplate\":\"https:\/\/polandsoultravel.com\/pl\/?s={search_term_string}\"},\"query-input\":{\"@type\":\"PropertyValueSpecification\",\"valueRequired\":true,\"valueName\":\"search_term_string\"}}],\"inLanguage\":\"pl-PL\"},{\"@type\":\"Organization\",\"@id\":\"https:\/\/polandsoultravel.com\/pl\/#organization\",\"name\":\"Poland Soul Travel - Poland. Come Closer.\",\"url\":\"https:\/\/polandsoultravel.com\/pl\/\",\"logo\":{\"@type\":\"ImageObject\",\"inLanguage\":\"pl-PL\",\"@id\":\"https:\/\/polandsoultravel.com\/pl\/#\/schema\/logo\/image\/\",\"url\":\"https:\/\/polandsoultravel.com\/wp-content\/uploads\/2022\/02\/cropped-Vector-Smart-Object.png\",\"contentUrl\":\"https:\/\/polandsoultravel.com\/wp-content\/uploads\/2022\/02\/cropped-Vector-Smart-Object.png\",\"width\":174,\"height\":65,\"caption\":\"Poland Soul Travel - Poland. Come Closer.\"},\"image\":{\"@id\":\"https:\/\/polandsoultravel.com\/pl\/#\/schema\/logo\/image\/\"}},{\"@type\":\"Person\",\"@id\":\"https:\/\/polandsoultravel.com\/pl\/#\/schema\/person\/64fe8dadd65e382e283226f1a4e7122b\",\"name\":\"Tomasz \u017baczyk | tojekmek.pl\",\"sameAs\":[\"https:\/\/tojekmek.pl\"]}]}<\/script>\n<!-- \/ Yoast SEO plugin. -->","yoast_head_json":{"title":"Wroc\u0142aw w stylu slow - Poland Soul Travel - Poland. Come Closer.","robots":{"index":"index","follow":"follow","max-snippet":"max-snippet:-1","max-image-preview":"max-image-preview:large","max-video-preview":"max-video-preview:-1"},"canonical":"https:\/\/polandsoultravel.com\/pl\/breslau\/","og_locale":"pl_PL","og_type":"article","og_title":"Wroc\u0142aw w stylu slow - Poland Soul Travel - Poland. Come Closer.","og_description":"W paru s\u0142owach Mieszka\u0144com Wroc\u0142awia mo\u017cna zazdro\u015bci\u0107 wiele, ale chyba najbardziej \u2013 nieuchwytnej, bezpretensjonalnej energii i luzu, kt\u00f3ry unosi si\u0119 pomi\u0119dzy eleganckimi, secesyjnymi ulicami tego miasta. Klimat historycznej stolicy regionu \u015al\u0105ska i czwartego najwi\u0119kszego miasta dzisiejszej Polski tworzy rzeka Odra, prze\u015blizguj\u0105ca si\u0119 tu przez centrum kilkoma odnogami i bocznymi zakolami, kt\u00f3re tworz\u0105 liczne wyspy. Wed\u0142ug [&hellip;]","og_url":"https:\/\/polandsoultravel.com\/pl\/breslau\/","og_site_name":"Poland Soul Travel - Poland. Come Closer.","article_published_time":"2022-03-13T11:44:19+00:00","article_modified_time":"2023-07-19T09:51:31+00:00","og_image":[{"width":1920,"height":1440,"url":"https:\/\/polandsoultravel.com\/wp-content\/uploads\/2022\/03\/wroclaw_rynek.jpg","type":"image\/jpeg"}],"author":"Tomasz \u017baczyk | tojekmek.pl","twitter_card":"summary_large_image","twitter_misc":{"Napisane przez":"Tomasz \u017baczyk | tojekmek.pl","Szacowany czas czytania":"12 minut"},"schema":{"@context":"https:\/\/schema.org","@graph":[{"@type":"Article","@id":"https:\/\/polandsoultravel.com\/pl\/breslau\/#article","isPartOf":{"@id":"https:\/\/polandsoultravel.com\/pl\/breslau\/"},"author":{"name":"Tomasz \u017baczyk | tojekmek.pl","@id":"https:\/\/polandsoultravel.com\/pl\/#\/schema\/person\/64fe8dadd65e382e283226f1a4e7122b"},"headline":"Wroc\u0142aw w stylu slow","datePublished":"2022-03-13T11:44:19+00:00","dateModified":"2023-07-19T09:51:31+00:00","mainEntityOfPage":{"@id":"https:\/\/polandsoultravel.com\/pl\/breslau\/"},"wordCount":1821,"commentCount":0,"publisher":{"@id":"https:\/\/polandsoultravel.com\/pl\/#organization"},"image":{"@id":"https:\/\/polandsoultravel.com\/pl\/breslau\/#primaryimage"},"thumbnailUrl":"https:\/\/polandsoultravel.com\/wp-content\/uploads\/2022\/03\/wroclaw_rynek.jpg","articleSection":["Miasta","Opowie\u015b\u0107 &#8211; Sudety"],"inLanguage":"pl-PL","potentialAction":[{"@type":"CommentAction","name":"Comment","target":["https:\/\/polandsoultravel.com\/pl\/breslau\/#respond"]}]},{"@type":"WebPage","@id":"https:\/\/polandsoultravel.com\/pl\/breslau\/","url":"https:\/\/polandsoultravel.com\/pl\/breslau\/","name":"Wroc\u0142aw w stylu slow - Poland Soul Travel - Poland. Come Closer.","isPartOf":{"@id":"https:\/\/polandsoultravel.com\/pl\/#website"},"primaryImageOfPage":{"@id":"https:\/\/polandsoultravel.com\/pl\/breslau\/#primaryimage"},"image":{"@id":"https:\/\/polandsoultravel.com\/pl\/breslau\/#primaryimage"},"thumbnailUrl":"https:\/\/polandsoultravel.com\/wp-content\/uploads\/2022\/03\/wroclaw_rynek.jpg","datePublished":"2022-03-13T11:44:19+00:00","dateModified":"2023-07-19T09:51:31+00:00","inLanguage":"pl-PL","potentialAction":[{"@type":"ReadAction","target":["https:\/\/polandsoultravel.com\/pl\/breslau\/"]}]},{"@type":"ImageObject","inLanguage":"pl-PL","@id":"https:\/\/polandsoultravel.com\/pl\/breslau\/#primaryimage","url":"https:\/\/polandsoultravel.com\/wp-content\/uploads\/2022\/03\/wroclaw_rynek.jpg","contentUrl":"https:\/\/polandsoultravel.com\/wp-content\/uploads\/2022\/03\/wroclaw_rynek.jpg","width":1920,"height":1440},{"@type":"WebSite","@id":"https:\/\/polandsoultravel.com\/pl\/#website","url":"https:\/\/polandsoultravel.com\/pl\/","name":"Poland Soul Travel - Poland. Come Closer.","description":"Zusammen mit unseren Fremdenf\u00fchrern, den Gastgebern von klimatischen G\u00e4steh\u00e4usern aus verschiedenen Teilen des Landes, lernen Sie f\u00fcnf einzigartige Regionen.","publisher":{"@id":"https:\/\/polandsoultravel.com\/pl\/#organization"},"potentialAction":[{"@type":"SearchAction","target":{"@type":"EntryPoint","urlTemplate":"https:\/\/polandsoultravel.com\/pl\/?s={search_term_string}"},"query-input":{"@type":"PropertyValueSpecification","valueRequired":true,"valueName":"search_term_string"}}],"inLanguage":"pl-PL"},{"@type":"Organization","@id":"https:\/\/polandsoultravel.com\/pl\/#organization","name":"Poland Soul Travel - Poland. Come Closer.","url":"https:\/\/polandsoultravel.com\/pl\/","logo":{"@type":"ImageObject","inLanguage":"pl-PL","@id":"https:\/\/polandsoultravel.com\/pl\/#\/schema\/logo\/image\/","url":"https:\/\/polandsoultravel.com\/wp-content\/uploads\/2022\/02\/cropped-Vector-Smart-Object.png","contentUrl":"https:\/\/polandsoultravel.com\/wp-content\/uploads\/2022\/02\/cropped-Vector-Smart-Object.png","width":174,"height":65,"caption":"Poland Soul Travel - Poland. Come Closer."},"image":{"@id":"https:\/\/polandsoultravel.com\/pl\/#\/schema\/logo\/image\/"}},{"@type":"Person","@id":"https:\/\/polandsoultravel.com\/pl\/#\/schema\/person\/64fe8dadd65e382e283226f1a4e7122b","name":"Tomasz \u017baczyk | tojekmek.pl","sameAs":["https:\/\/tojekmek.pl"]}]}},"_links":{"self":[{"href":"https:\/\/polandsoultravel.com\/pl\/wp-json\/wp\/v2\/posts\/6508","targetHints":{"allow":["GET"]}}],"collection":[{"href":"https:\/\/polandsoultravel.com\/pl\/wp-json\/wp\/v2\/posts"}],"about":[{"href":"https:\/\/polandsoultravel.com\/pl\/wp-json\/wp\/v2\/types\/post"}],"author":[{"embeddable":true,"href":"https:\/\/polandsoultravel.com\/pl\/wp-json\/wp\/v2\/users\/1"}],"replies":[{"embeddable":true,"href":"https:\/\/polandsoultravel.com\/pl\/wp-json\/wp\/v2\/comments?post=6508"}],"version-history":[{"count":4,"href":"https:\/\/polandsoultravel.com\/pl\/wp-json\/wp\/v2\/posts\/6508\/revisions"}],"predecessor-version":[{"id":9298,"href":"https:\/\/polandsoultravel.com\/pl\/wp-json\/wp\/v2\/posts\/6508\/revisions\/9298"}],"wp:featuredmedia":[{"embeddable":true,"href":"https:\/\/polandsoultravel.com\/pl\/wp-json\/wp\/v2\/media\/9286"}],"wp:attachment":[{"href":"https:\/\/polandsoultravel.com\/pl\/wp-json\/wp\/v2\/media?parent=6508"}],"wp:term":[{"taxonomy":"category","embeddable":true,"href":"https:\/\/polandsoultravel.com\/pl\/wp-json\/wp\/v2\/categories?post=6508"},{"taxonomy":"post_tag","embeddable":true,"href":"https:\/\/polandsoultravel.com\/pl\/wp-json\/wp\/v2\/tags?post=6508"}],"curies":[{"name":"wp","href":"https:\/\/api.w.org\/{rel}","templated":true}]}}