{"id":6442,"date":"2022-03-13T10:48:08","date_gmt":"2022-03-13T09:48:08","guid":{"rendered":"https:\/\/polandsoultravel.com\/trekking-das-isergebirge\/"},"modified":"2023-06-15T13:55:12","modified_gmt":"2023-06-15T11:55:12","slug":"trekking-das-isergebirge","status":"publish","type":"post","link":"https:\/\/polandsoultravel.com\/pl\/trekking-das-isergebirge\/","title":{"rendered":"Trekking &#8211; G\u00f3ry Izerskie"},"content":{"rendered":"\r\n\r\n\r\n<p>Sind Sie an einer Bergwanderung im Isergebirge interessiert? Wir empfehlen Ihnen eine Reise, bei der Sie diese ungew\u00f6hnlichen, rauen Berge mit ihrem einzigartigen Charakter kennen lernen k\u00f6nnen.<\/p>\r\n\r\n\r\n\r\n<p>&nbsp;<\/p>\r\n\r\n\r\n\r\n<p>&nbsp;<\/p>\r\n\r\n\r\n\r\n<p><strong>Zur Iseralm (poln. Hala Izerska) aus \u015awierad\u00f3w-Zdr\u00f3j<\/strong><\/p>\r\n\r\n\r\n\r\n<p>Dauer der Wanderung (ohne Pausen): 6-7 Stunden, Gesamtaufstieg: 774 m<\/p>\r\n\r\n\r\n\r\n<p><img decoding=\"async\" class=\"size-medium wp-image-972 alignleft\" src=\"https:\/\/polandsoultravel.com\/wp-content\/uploads\/2022\/03\/izerskie_-300x200.jpg\" alt=\"\" width=\"300\" height=\"200\" srcset=\"https:\/\/polandsoultravel.com\/wp-content\/uploads\/2022\/03\/izerskie_-300x200.jpg 300w, https:\/\/polandsoultravel.com\/wp-content\/uploads\/2022\/03\/izerskie_-1024x683.jpg 1024w, https:\/\/polandsoultravel.com\/wp-content\/uploads\/2022\/03\/izerskie_-768x512.jpg 768w, https:\/\/polandsoultravel.com\/wp-content\/uploads\/2022\/03\/izerskie_-1536x1024.jpg 1536w, https:\/\/polandsoultravel.com\/wp-content\/uploads\/2022\/03\/izerskie_.jpg 1920w\" sizes=\"(max-width: 300px) 100vw, 300px\" \/>Die Route beginnt in \u015awierad\u00f3w-Zdr\u00f3j (vor dem Zweiten Weltkrieg: Bad Flinsberg), einer angenehmen Kleinstadt mit alten Kurh\u00e4usern. Der wichtigste Ort, den man besuchen sollte, ist <strong>das Kurhaus mit seiner sch\u00f6nen Spazierhalle<\/strong> aus origineller L\u00e4rchenholzkonstruktion mit Buntglasfenstern. Drinnen werden Sie sich wie die Kurg\u00e4ste aus Berlin f\u00fchlen, die einst in diese kleine niederschlesische Stadt str\u00f6mten. Nach einem Glas Wasser reich an Sauerampfer- und Eisen geht es auf dem blauen Weg weiter in Richtung Iseralm.<\/p>\r\n\r\n\r\n\r\n<p>Nach ca. 2,5 Stunden erreichen Sie eine gro\u00dfe Wiese mit Blick auf das Riesengebirge und die umliegenden Gipfel des Isergebirges. Die Landschaft der Iseralm erinnert eher an die polare Tundra als an Mitteleuropa. Vor dem Krieg gab es auf der Alm ein isoliertes Dorf namens Gro\u00df-Iser, das unter ungekl\u00e4rten Umst\u00e4nden nie wieder besiedelt wurde. Die N\u00e4he zur Grenze hat wahrscheinlich dazu beigetragen &#8211; die Halle war viele Jahre lang Milit\u00e4rgebiet. Das einzige \u00dcberbleibsel des Dorfes ist die alte Schule. Heute gibt es hier eine gem\u00fctliche <strong>Bergh\u00fctte Chatka G\u00f3rzyst\u00f3w<\/strong>, wo man essen und Tee trinken kann.<\/p>\r\n\r\n\r\n\r\n<p><img decoding=\"async\" class=\"size-medium wp-image-1282 alignright\" src=\"https:\/\/polandsoultravel.com\/wp-content\/uploads\/2022\/03\/WhatsApp-Image-2022-03-27-at-10.50.39-1-300x169.jpeg\" alt=\"\" width=\"300\" height=\"169\" srcset=\"https:\/\/polandsoultravel.com\/wp-content\/uploads\/2022\/03\/WhatsApp-Image-2022-03-27-at-10.50.39-1-300x169.jpeg 300w, https:\/\/polandsoultravel.com\/wp-content\/uploads\/2022\/03\/WhatsApp-Image-2022-03-27-at-10.50.39-1-1024x576.jpeg 1024w, https:\/\/polandsoultravel.com\/wp-content\/uploads\/2022\/03\/WhatsApp-Image-2022-03-27-at-10.50.39-1-768x432.jpeg 768w, https:\/\/polandsoultravel.com\/wp-content\/uploads\/2022\/03\/WhatsApp-Image-2022-03-27-at-10.50.39-1.jpeg 1328w\" sizes=\"(max-width: 300px) 100vw, 300px\" \/>Der rot markierte Weg f\u00fchrt weiter durch die Alm in Richtung Jakuszycka-Lichtung. Nach etwa einer Stunde Fu\u00dfmarsch erreichen Sie <strong>die Touristenstation Orle<\/strong>, die sich in den alten Geb\u00e4uden der Glash\u00fctte befindet. Sie k\u00f6nnen dort g\u00fcnstig essen, \u00fcbernachten oder in Richtung der nahe gelegenen Tschechischen Republik weiterfahren (stimmungsvolles Dorf Jizerka unter dem erloschenen Vulkan Bukovec).\u00a0<\/p>\r\n\r\n\r\n\r\n<p>&nbsp;<\/p>\r\n<p>Von der Bergh\u00fctte Chatka G\u00f3rzyst\u00f3w folgen Sie dem gelben markierten Wanderweg in Richtung Stog Izerski (1108 m). Von der exponierten Spitze aus hat man einen Ausblick in alle Richtungen, und direkt unterhalb des Gipfels befindet sich eine Bergh\u00fctte. Die R\u00fcckkehr nach \u015awierad\u00f3w-Zdr\u00f3j erfolgt \u00fcber den rot markierten Wanderweg oder mit der Gondelbahn.<\/p>\r\n\r\n\r\n\r\n<p><strong><a href=\"https:\/\/jeleniagora.naszemiasto.pl\/bad-flinsberg-to-byla-idylla-dla-niemieckich-kuracjuszy-i\/ar\/c1-8328014\">Vorkriegsfotos von Bad Flinsberg<\/a><\/strong><\/p>\r\n\r\n\r\n\r\n\r\n\r\n<p style=\"text-align: right;\"><a href=\"https:\/\/polandsoultravel.com\/index.php\/die-sudeten-und-das-isergebirge-eine-zauberei-fur-genieser\/\"><strong>SIEHE DIE GANZE GESCHICHTE \u2013 SUDETEN<\/strong><\/a><\/p>\r\n","protected":false},"excerpt":{"rendered":"<p>Sind Sie an einer Bergwanderung im Isergebirge interessiert? Wir empfehlen Ihnen eine Reise, bei der Sie diese ungew\u00f6hnlichen, rauen Berge mit ihrem einzigartigen Charakter kennen lernen k\u00f6nnen. &nbsp; &nbsp; Zur Iseralm (poln. Hala Izerska) aus \u015awierad\u00f3w-Zdr\u00f3j Dauer der Wanderung (ohne Pausen): 6-7 Stunden, Gesamtaufstieg: 774 m Die Route beginnt in \u015awierad\u00f3w-Zdr\u00f3j (vor dem Zweiten Weltkrieg: [&hellip;]<\/p>\n","protected":false},"author":1,"featured_media":4008,"comment_status":"open","ping_status":"open","sticky":false,"template":"","format":"standard","meta":{"_acf_changed":false,"footnotes":""},"categories":[35,33],"tags":[],"class_list":["post-6442","post","type-post","status-publish","format-standard","has-post-thumbnail","hentry","category-aktywnosci-pl","category-opowiesc-sudety-pl"],"acf":[],"yoast_head":"<!-- This site is optimized with the Yoast SEO plugin v24.4 - https:\/\/yoast.com\/wordpress\/plugins\/seo\/ -->\n<title>Trekking - G\u00f3ry Izerskie - Poland Soul Travel - Poland. Come Closer.<\/title>\n<meta name=\"robots\" content=\"index, follow, max-snippet:-1, max-image-preview:large, max-video-preview:-1\" \/>\n<link rel=\"canonical\" href=\"https:\/\/polandsoultravel.com\/pl\/trekking-das-isergebirge\/\" \/>\n<meta property=\"og:locale\" content=\"pl_PL\" \/>\n<meta property=\"og:type\" content=\"article\" \/>\n<meta property=\"og:title\" content=\"Trekking - G\u00f3ry Izerskie - Poland Soul Travel - Poland. Come Closer.\" \/>\n<meta property=\"og:description\" content=\"Sind Sie an einer Bergwanderung im Isergebirge interessiert? Wir empfehlen Ihnen eine Reise, bei der Sie diese ungew\u00f6hnlichen, rauen Berge mit ihrem einzigartigen Charakter kennen lernen k\u00f6nnen. &nbsp; &nbsp; Zur Iseralm (poln. Hala Izerska) aus \u015awierad\u00f3w-Zdr\u00f3j Dauer der Wanderung (ohne Pausen): 6-7 Stunden, Gesamtaufstieg: 774 m Die Route beginnt in \u015awierad\u00f3w-Zdr\u00f3j (vor dem Zweiten Weltkrieg: [&hellip;]\" \/>\n<meta property=\"og:url\" content=\"https:\/\/polandsoultravel.com\/pl\/trekking-das-isergebirge\/\" \/>\n<meta property=\"og:site_name\" content=\"Poland Soul Travel - Poland. Come Closer.\" \/>\n<meta property=\"article:published_time\" content=\"2022-03-13T09:48:08+00:00\" \/>\n<meta property=\"article:modified_time\" content=\"2023-06-15T11:55:12+00:00\" \/>\n<meta property=\"og:image\" content=\"https:\/\/polandsoultravel.com\/wp-content\/uploads\/2022\/03\/POLAND-SOUL-TRAVEL-ATRAKCJE-IZERY-TREKKING.jpg\" \/>\n\t<meta property=\"og:image:width\" content=\"1200\" \/>\n\t<meta property=\"og:image:height\" content=\"800\" \/>\n\t<meta property=\"og:image:type\" content=\"image\/jpeg\" \/>\n<meta name=\"author\" content=\"Tomasz \u017baczyk | tojekmek.pl\" \/>\n<meta name=\"twitter:card\" content=\"summary_large_image\" \/>\n<meta name=\"twitter:label1\" content=\"Napisane przez\" \/>\n\t<meta name=\"twitter:data1\" content=\"Tomasz \u017baczyk | tojekmek.pl\" \/>\n\t<meta name=\"twitter:label2\" content=\"Szacowany czas czytania\" \/>\n\t<meta name=\"twitter:data2\" content=\"3 minuty\" \/>\n<script type=\"application\/ld+json\" class=\"yoast-schema-graph\">{\"@context\":\"https:\/\/schema.org\",\"@graph\":[{\"@type\":\"Article\",\"@id\":\"https:\/\/polandsoultravel.com\/pl\/trekking-das-isergebirge\/#article\",\"isPartOf\":{\"@id\":\"https:\/\/polandsoultravel.com\/pl\/trekking-das-isergebirge\/\"},\"author\":{\"name\":\"Tomasz \u017baczyk | tojekmek.pl\",\"@id\":\"https:\/\/polandsoultravel.com\/pl\/#\/schema\/person\/64fe8dadd65e382e283226f1a4e7122b\"},\"headline\":\"Trekking &#8211; G\u00f3ry Izerskie\",\"datePublished\":\"2022-03-13T09:48:08+00:00\",\"dateModified\":\"2023-06-15T11:55:12+00:00\",\"mainEntityOfPage\":{\"@id\":\"https:\/\/polandsoultravel.com\/pl\/trekking-das-isergebirge\/\"},\"wordCount\":367,\"commentCount\":0,\"publisher\":{\"@id\":\"https:\/\/polandsoultravel.com\/pl\/#organization\"},\"image\":{\"@id\":\"https:\/\/polandsoultravel.com\/pl\/trekking-das-isergebirge\/#primaryimage\"},\"thumbnailUrl\":\"https:\/\/polandsoultravel.com\/wp-content\/uploads\/2022\/03\/POLAND-SOUL-TRAVEL-ATRAKCJE-IZERY-TREKKING.jpg\",\"articleSection\":[\"Aktywno\u015bci\",\"Opowie\u015b\u0107 &#8211; Sudety\"],\"inLanguage\":\"pl-PL\",\"potentialAction\":[{\"@type\":\"CommentAction\",\"name\":\"Comment\",\"target\":[\"https:\/\/polandsoultravel.com\/pl\/trekking-das-isergebirge\/#respond\"]}]},{\"@type\":\"WebPage\",\"@id\":\"https:\/\/polandsoultravel.com\/pl\/trekking-das-isergebirge\/\",\"url\":\"https:\/\/polandsoultravel.com\/pl\/trekking-das-isergebirge\/\",\"name\":\"Trekking - G\u00f3ry Izerskie - Poland Soul Travel - Poland. Come Closer.\",\"isPartOf\":{\"@id\":\"https:\/\/polandsoultravel.com\/pl\/#website\"},\"primaryImageOfPage\":{\"@id\":\"https:\/\/polandsoultravel.com\/pl\/trekking-das-isergebirge\/#primaryimage\"},\"image\":{\"@id\":\"https:\/\/polandsoultravel.com\/pl\/trekking-das-isergebirge\/#primaryimage\"},\"thumbnailUrl\":\"https:\/\/polandsoultravel.com\/wp-content\/uploads\/2022\/03\/POLAND-SOUL-TRAVEL-ATRAKCJE-IZERY-TREKKING.jpg\",\"datePublished\":\"2022-03-13T09:48:08+00:00\",\"dateModified\":\"2023-06-15T11:55:12+00:00\",\"inLanguage\":\"pl-PL\",\"potentialAction\":[{\"@type\":\"ReadAction\",\"target\":[\"https:\/\/polandsoultravel.com\/pl\/trekking-das-isergebirge\/\"]}]},{\"@type\":\"ImageObject\",\"inLanguage\":\"pl-PL\",\"@id\":\"https:\/\/polandsoultravel.com\/pl\/trekking-das-isergebirge\/#primaryimage\",\"url\":\"https:\/\/polandsoultravel.com\/wp-content\/uploads\/2022\/03\/POLAND-SOUL-TRAVEL-ATRAKCJE-IZERY-TREKKING.jpg\",\"contentUrl\":\"https:\/\/polandsoultravel.com\/wp-content\/uploads\/2022\/03\/POLAND-SOUL-TRAVEL-ATRAKCJE-IZERY-TREKKING.jpg\",\"width\":1200,\"height\":800},{\"@type\":\"WebSite\",\"@id\":\"https:\/\/polandsoultravel.com\/pl\/#website\",\"url\":\"https:\/\/polandsoultravel.com\/pl\/\",\"name\":\"Poland Soul Travel - Poland. Come Closer.\",\"description\":\"Zusammen mit unseren Fremdenf\u00fchrern, den Gastgebern von klimatischen G\u00e4steh\u00e4usern aus verschiedenen Teilen des Landes, lernen Sie f\u00fcnf einzigartige Regionen.\",\"publisher\":{\"@id\":\"https:\/\/polandsoultravel.com\/pl\/#organization\"},\"potentialAction\":[{\"@type\":\"SearchAction\",\"target\":{\"@type\":\"EntryPoint\",\"urlTemplate\":\"https:\/\/polandsoultravel.com\/pl\/?s={search_term_string}\"},\"query-input\":{\"@type\":\"PropertyValueSpecification\",\"valueRequired\":true,\"valueName\":\"search_term_string\"}}],\"inLanguage\":\"pl-PL\"},{\"@type\":\"Organization\",\"@id\":\"https:\/\/polandsoultravel.com\/pl\/#organization\",\"name\":\"Poland Soul Travel - Poland. Come Closer.\",\"url\":\"https:\/\/polandsoultravel.com\/pl\/\",\"logo\":{\"@type\":\"ImageObject\",\"inLanguage\":\"pl-PL\",\"@id\":\"https:\/\/polandsoultravel.com\/pl\/#\/schema\/logo\/image\/\",\"url\":\"https:\/\/polandsoultravel.com\/wp-content\/uploads\/2022\/02\/cropped-Vector-Smart-Object.png\",\"contentUrl\":\"https:\/\/polandsoultravel.com\/wp-content\/uploads\/2022\/02\/cropped-Vector-Smart-Object.png\",\"width\":174,\"height\":65,\"caption\":\"Poland Soul Travel - Poland. Come Closer.\"},\"image\":{\"@id\":\"https:\/\/polandsoultravel.com\/pl\/#\/schema\/logo\/image\/\"}},{\"@type\":\"Person\",\"@id\":\"https:\/\/polandsoultravel.com\/pl\/#\/schema\/person\/64fe8dadd65e382e283226f1a4e7122b\",\"name\":\"Tomasz \u017baczyk | tojekmek.pl\",\"sameAs\":[\"https:\/\/tojekmek.pl\"]}]}<\/script>\n<!-- \/ Yoast SEO plugin. -->","yoast_head_json":{"title":"Trekking - G\u00f3ry Izerskie - Poland Soul Travel - Poland. Come Closer.","robots":{"index":"index","follow":"follow","max-snippet":"max-snippet:-1","max-image-preview":"max-image-preview:large","max-video-preview":"max-video-preview:-1"},"canonical":"https:\/\/polandsoultravel.com\/pl\/trekking-das-isergebirge\/","og_locale":"pl_PL","og_type":"article","og_title":"Trekking - G\u00f3ry Izerskie - Poland Soul Travel - Poland. Come Closer.","og_description":"Sind Sie an einer Bergwanderung im Isergebirge interessiert? Wir empfehlen Ihnen eine Reise, bei der Sie diese ungew\u00f6hnlichen, rauen Berge mit ihrem einzigartigen Charakter kennen lernen k\u00f6nnen. &nbsp; &nbsp; Zur Iseralm (poln. Hala Izerska) aus \u015awierad\u00f3w-Zdr\u00f3j Dauer der Wanderung (ohne Pausen): 6-7 Stunden, Gesamtaufstieg: 774 m Die Route beginnt in \u015awierad\u00f3w-Zdr\u00f3j (vor dem Zweiten Weltkrieg: [&hellip;]","og_url":"https:\/\/polandsoultravel.com\/pl\/trekking-das-isergebirge\/","og_site_name":"Poland Soul Travel - Poland. Come Closer.","article_published_time":"2022-03-13T09:48:08+00:00","article_modified_time":"2023-06-15T11:55:12+00:00","og_image":[{"width":1200,"height":800,"url":"https:\/\/polandsoultravel.com\/wp-content\/uploads\/2022\/03\/POLAND-SOUL-TRAVEL-ATRAKCJE-IZERY-TREKKING.jpg","type":"image\/jpeg"}],"author":"Tomasz \u017baczyk | tojekmek.pl","twitter_card":"summary_large_image","twitter_misc":{"Napisane przez":"Tomasz \u017baczyk | tojekmek.pl","Szacowany czas czytania":"3 minuty"},"schema":{"@context":"https:\/\/schema.org","@graph":[{"@type":"Article","@id":"https:\/\/polandsoultravel.com\/pl\/trekking-das-isergebirge\/#article","isPartOf":{"@id":"https:\/\/polandsoultravel.com\/pl\/trekking-das-isergebirge\/"},"author":{"name":"Tomasz \u017baczyk | tojekmek.pl","@id":"https:\/\/polandsoultravel.com\/pl\/#\/schema\/person\/64fe8dadd65e382e283226f1a4e7122b"},"headline":"Trekking &#8211; G\u00f3ry Izerskie","datePublished":"2022-03-13T09:48:08+00:00","dateModified":"2023-06-15T11:55:12+00:00","mainEntityOfPage":{"@id":"https:\/\/polandsoultravel.com\/pl\/trekking-das-isergebirge\/"},"wordCount":367,"commentCount":0,"publisher":{"@id":"https:\/\/polandsoultravel.com\/pl\/#organization"},"image":{"@id":"https:\/\/polandsoultravel.com\/pl\/trekking-das-isergebirge\/#primaryimage"},"thumbnailUrl":"https:\/\/polandsoultravel.com\/wp-content\/uploads\/2022\/03\/POLAND-SOUL-TRAVEL-ATRAKCJE-IZERY-TREKKING.jpg","articleSection":["Aktywno\u015bci","Opowie\u015b\u0107 &#8211; Sudety"],"inLanguage":"pl-PL","potentialAction":[{"@type":"CommentAction","name":"Comment","target":["https:\/\/polandsoultravel.com\/pl\/trekking-das-isergebirge\/#respond"]}]},{"@type":"WebPage","@id":"https:\/\/polandsoultravel.com\/pl\/trekking-das-isergebirge\/","url":"https:\/\/polandsoultravel.com\/pl\/trekking-das-isergebirge\/","name":"Trekking - G\u00f3ry Izerskie - Poland Soul Travel - Poland. Come Closer.","isPartOf":{"@id":"https:\/\/polandsoultravel.com\/pl\/#website"},"primaryImageOfPage":{"@id":"https:\/\/polandsoultravel.com\/pl\/trekking-das-isergebirge\/#primaryimage"},"image":{"@id":"https:\/\/polandsoultravel.com\/pl\/trekking-das-isergebirge\/#primaryimage"},"thumbnailUrl":"https:\/\/polandsoultravel.com\/wp-content\/uploads\/2022\/03\/POLAND-SOUL-TRAVEL-ATRAKCJE-IZERY-TREKKING.jpg","datePublished":"2022-03-13T09:48:08+00:00","dateModified":"2023-06-15T11:55:12+00:00","inLanguage":"pl-PL","potentialAction":[{"@type":"ReadAction","target":["https:\/\/polandsoultravel.com\/pl\/trekking-das-isergebirge\/"]}]},{"@type":"ImageObject","inLanguage":"pl-PL","@id":"https:\/\/polandsoultravel.com\/pl\/trekking-das-isergebirge\/#primaryimage","url":"https:\/\/polandsoultravel.com\/wp-content\/uploads\/2022\/03\/POLAND-SOUL-TRAVEL-ATRAKCJE-IZERY-TREKKING.jpg","contentUrl":"https:\/\/polandsoultravel.com\/wp-content\/uploads\/2022\/03\/POLAND-SOUL-TRAVEL-ATRAKCJE-IZERY-TREKKING.jpg","width":1200,"height":800},{"@type":"WebSite","@id":"https:\/\/polandsoultravel.com\/pl\/#website","url":"https:\/\/polandsoultravel.com\/pl\/","name":"Poland Soul Travel - Poland. Come Closer.","description":"Zusammen mit unseren Fremdenf\u00fchrern, den Gastgebern von klimatischen G\u00e4steh\u00e4usern aus verschiedenen Teilen des Landes, lernen Sie f\u00fcnf einzigartige Regionen.","publisher":{"@id":"https:\/\/polandsoultravel.com\/pl\/#organization"},"potentialAction":[{"@type":"SearchAction","target":{"@type":"EntryPoint","urlTemplate":"https:\/\/polandsoultravel.com\/pl\/?s={search_term_string}"},"query-input":{"@type":"PropertyValueSpecification","valueRequired":true,"valueName":"search_term_string"}}],"inLanguage":"pl-PL"},{"@type":"Organization","@id":"https:\/\/polandsoultravel.com\/pl\/#organization","name":"Poland Soul Travel - Poland. Come Closer.","url":"https:\/\/polandsoultravel.com\/pl\/","logo":{"@type":"ImageObject","inLanguage":"pl-PL","@id":"https:\/\/polandsoultravel.com\/pl\/#\/schema\/logo\/image\/","url":"https:\/\/polandsoultravel.com\/wp-content\/uploads\/2022\/02\/cropped-Vector-Smart-Object.png","contentUrl":"https:\/\/polandsoultravel.com\/wp-content\/uploads\/2022\/02\/cropped-Vector-Smart-Object.png","width":174,"height":65,"caption":"Poland Soul Travel - Poland. Come Closer."},"image":{"@id":"https:\/\/polandsoultravel.com\/pl\/#\/schema\/logo\/image\/"}},{"@type":"Person","@id":"https:\/\/polandsoultravel.com\/pl\/#\/schema\/person\/64fe8dadd65e382e283226f1a4e7122b","name":"Tomasz \u017baczyk | tojekmek.pl","sameAs":["https:\/\/tojekmek.pl"]}]}},"_links":{"self":[{"href":"https:\/\/polandsoultravel.com\/pl\/wp-json\/wp\/v2\/posts\/6442","targetHints":{"allow":["GET"]}}],"collection":[{"href":"https:\/\/polandsoultravel.com\/pl\/wp-json\/wp\/v2\/posts"}],"about":[{"href":"https:\/\/polandsoultravel.com\/pl\/wp-json\/wp\/v2\/types\/post"}],"author":[{"embeddable":true,"href":"https:\/\/polandsoultravel.com\/pl\/wp-json\/wp\/v2\/users\/1"}],"replies":[{"embeddable":true,"href":"https:\/\/polandsoultravel.com\/pl\/wp-json\/wp\/v2\/comments?post=6442"}],"version-history":[{"count":3,"href":"https:\/\/polandsoultravel.com\/pl\/wp-json\/wp\/v2\/posts\/6442\/revisions"}],"predecessor-version":[{"id":7336,"href":"https:\/\/polandsoultravel.com\/pl\/wp-json\/wp\/v2\/posts\/6442\/revisions\/7336"}],"wp:featuredmedia":[{"embeddable":true,"href":"https:\/\/polandsoultravel.com\/pl\/wp-json\/wp\/v2\/media\/4008"}],"wp:attachment":[{"href":"https:\/\/polandsoultravel.com\/pl\/wp-json\/wp\/v2\/media?parent=6442"}],"wp:term":[{"taxonomy":"category","embeddable":true,"href":"https:\/\/polandsoultravel.com\/pl\/wp-json\/wp\/v2\/categories?post=6442"},{"taxonomy":"post_tag","embeddable":true,"href":"https:\/\/polandsoultravel.com\/pl\/wp-json\/wp\/v2\/tags?post=6442"}],"curies":[{"name":"wp","href":"https:\/\/api.w.org\/{rel}","templated":true}]}}