{"id":6542,"date":"2022-03-17T00:15:38","date_gmt":"2022-03-16T23:15:38","guid":{"rendered":"https:\/\/polandsoultravel.com\/off-festival\/"},"modified":"2023-06-27T10:51:43","modified_gmt":"2023-06-27T08:51:43","slug":"off-festival","status":"publish","type":"post","link":"https:\/\/polandsoultravel.com\/en\/off-festival\/","title":{"rendered":"OFF Festival in Katowice"},"content":{"rendered":"\r\n\r\n\r\n<p><strong>OFF-Festival in Katowice<\/strong>. Im ersten Jahrzehnt des 21. Jahrhunderts gr\u00fcndete <strong>Artur Rojek<\/strong>, der Leiter der Rockband Myslovitz, die die Mode der britischen Pop- und Oasis-Musik nach Polen brachte, ein Musikfestival, das sich auf alternativen Rock aus der ganzen Welt konzentrierte. So entstand das <strong>OFF-Festival<\/strong>, das heute eines der wichtigsten Musikereignisse in Mitteleuropa und ein fester Bestandteil des Festivalsommers in Polen ist.<\/p>\r\n\r\n\r\n\r\n<p>Das Programm des OFF-Festivals ist jedes Jahr das Ergebnis einer intensiven Suche der Organisatoren nach dem richtigen Gleichgewicht zwischen Klassikern wie Iggy Pop und The National und der Wertsch\u00e4tzung neuer Stimmen der alternativen Musik. Die Veranstaltung findet auf mehreren Etappen in der gr\u00fcnen Landschaft des <strong>Drei-Teiche-Tals<\/strong> (poln. Dolina Trzech Staw\u00f3w) in Katowice statt, in der N\u00e4he des Stadtzentrums und direkt an popul\u00e4ren Verkehrswegen.<\/p>\r\n\r\n\r\n\r\n\r\n\r\n\r\n\r\n<div class=\"wp-block-spacer\" style=\"height: 40px;\" aria-hidden=\"true\">\u00a0<\/div>\r\n\r\n\r\n\r\n<p>Das Festival hat sich ein treues und enges Publikum geschaffen, das jedes Jahr nicht nur aus musikalischen, sondern auch aus gesellschaftlichen Gr\u00fcnden in die Hauptstadt Oberschlesiens kommt. Es besteht die M\u00f6glichkeit, auf einem Campingplatz zu \u00fcbernachten, aber Sie k\u00f6nnen auch die Unterkunftsm\u00f6glichkeiten in Katowice nutzen.<\/p>\r\n\r\n\r\n\r\n<p>Das OFF-Festival war eines der Hauptargumente f\u00fcr die erfolgreiche Bewerbung von Katowice um den Titel der <strong>UNESCO City of Music<\/strong>. Die Veranstaltung findet jedes Jahr <strong>Anfang August<\/strong> statt.<\/p>\r\n\r\n\r\n\r\n<p><strong><a href=\"https:\/\/yourope.org\/festival\/off_festival\/\">Mehr Info<\/a><\/strong><\/p>\r\n\r\n\r\n\r\n<p><a href=\"https:\/\/off-festival.pl\/en\/\"><strong>Die Internetseite des OFF-Festivals<\/strong><\/a><\/p>\r\n\r\n\r\n\r\n<p>&nbsp;<\/p>\r\n\r\n\r\n\r\n<div class=\"wp-block-spacer\" style=\"height: 60px;\" aria-hidden=\"true\">\u00a0<\/div>\r\n\r\n\r\n\r\n<p class=\"has-text-align-right\"><a href=\"https:\/\/polandsoultravel.com\/index.php\/eine-geschichte-uber-oberschlesien\/\"><strong>SIEHE DIE GANZE GESCHICHTE \u2013 OBERSCHLESIEN<\/strong><\/a><\/p>\r\n\r\n\r\n\r\n<div class=\"wp-block-spacer\" style=\"height: 63px;\" aria-hidden=\"true\">\u00a0<\/div>\r\n","protected":false},"excerpt":{"rendered":"<p>OFF-Festival in Katowice. Im ersten Jahrzehnt des 21. Jahrhunderts gr\u00fcndete Artur Rojek, der Leiter der Rockband Myslovitz, die die Mode der britischen Pop- und Oasis-Musik nach Polen brachte, ein Musikfestival, das sich auf alternativen Rock aus der ganzen Welt konzentrierte. So entstand das OFF-Festival, das heute eines der wichtigsten Musikereignisse in Mitteleuropa und ein fester [&hellip;]<\/p>\n","protected":false},"author":5,"featured_media":4857,"comment_status":"open","ping_status":"open","sticky":false,"template":"","format":"standard","meta":{"_acf_changed":false,"footnotes":""},"categories":[42,38],"tags":[],"class_list":["post-6542","post","type-post","status-publish","format-standard","has-post-thumbnail","hentry","category-opowiesc-gorny-slask-en","category-wydarzenia-en"],"acf":[],"yoast_head":"<!-- This site is optimized with the Yoast SEO plugin v24.4 - https:\/\/yoast.com\/wordpress\/plugins\/seo\/ -->\n<title>OFF Festival in Katowice - Poland Soul Travel - Wir laden Sie nach Polen im Slow-Stil ein<\/title>\n<meta name=\"robots\" content=\"index, follow, max-snippet:-1, max-image-preview:large, max-video-preview:-1\" \/>\n<link rel=\"canonical\" href=\"https:\/\/polandsoultravel.com\/en\/off-festival\/\" \/>\n<meta property=\"og:locale\" content=\"en_US\" \/>\n<meta property=\"og:type\" content=\"article\" \/>\n<meta property=\"og:title\" content=\"OFF Festival in Katowice - Poland Soul Travel - Wir laden Sie nach Polen im Slow-Stil ein\" \/>\n<meta property=\"og:description\" content=\"OFF-Festival in Katowice. Im ersten Jahrzehnt des 21. Jahrhunderts gr\u00fcndete Artur Rojek, der Leiter der Rockband Myslovitz, die die Mode der britischen Pop- und Oasis-Musik nach Polen brachte, ein Musikfestival, das sich auf alternativen Rock aus der ganzen Welt konzentrierte. So entstand das OFF-Festival, das heute eines der wichtigsten Musikereignisse in Mitteleuropa und ein fester [&hellip;]\" \/>\n<meta property=\"og:url\" content=\"https:\/\/polandsoultravel.com\/en\/off-festival\/\" \/>\n<meta property=\"og:site_name\" content=\"Poland Soul Travel - Wir laden Sie nach Polen im Slow-Stil ein\" \/>\n<meta property=\"article:published_time\" content=\"2022-03-16T23:15:38+00:00\" \/>\n<meta property=\"article:modified_time\" content=\"2023-06-27T08:51:43+00:00\" \/>\n<meta property=\"og:image\" content=\"https:\/\/polandsoultravel.com\/wp-content\/uploads\/2022\/03\/OFF-Festival_2-fot.-Radoslaw-Kazmierczak.jpg\" \/>\n\t<meta property=\"og:image:width\" content=\"1920\" \/>\n\t<meta property=\"og:image:height\" content=\"1281\" \/>\n\t<meta property=\"og:image:type\" content=\"image\/jpeg\" \/>\n<meta name=\"author\" content=\"Marcin\" \/>\n<meta name=\"twitter:card\" content=\"summary_large_image\" \/>\n<meta name=\"twitter:label1\" content=\"Written by\" \/>\n\t<meta name=\"twitter:data1\" content=\"Marcin\" \/>\n\t<meta name=\"twitter:label2\" content=\"Est. reading time\" \/>\n\t<meta name=\"twitter:data2\" content=\"2 minutes\" \/>\n<script type=\"application\/ld+json\" class=\"yoast-schema-graph\">{\"@context\":\"https:\/\/schema.org\",\"@graph\":[{\"@type\":\"Article\",\"@id\":\"https:\/\/polandsoultravel.com\/en\/off-festival\/#article\",\"isPartOf\":{\"@id\":\"https:\/\/polandsoultravel.com\/en\/off-festival\/\"},\"author\":{\"name\":\"Marcin\",\"@id\":\"https:\/\/polandsoultravel.com\/en\/#\/schema\/person\/11f8de18de8f3abe79f837e7aeb63d96\"},\"headline\":\"OFF Festival in Katowice\",\"datePublished\":\"2022-03-16T23:15:38+00:00\",\"dateModified\":\"2023-06-27T08:51:43+00:00\",\"mainEntityOfPage\":{\"@id\":\"https:\/\/polandsoultravel.com\/en\/off-festival\/\"},\"wordCount\":223,\"commentCount\":0,\"publisher\":{\"@id\":\"https:\/\/polandsoultravel.com\/en\/#organization\"},\"image\":{\"@id\":\"https:\/\/polandsoultravel.com\/en\/off-festival\/#primaryimage\"},\"thumbnailUrl\":\"https:\/\/polandsoultravel.com\/wp-content\/uploads\/2022\/03\/OFF-Festival_2-fot.-Radoslaw-Kazmierczak.jpg\",\"articleSection\":[\"Opowie\u015b\u0107 &#8211; G\u00f3rny \u015al\u0105sk\",\"Wydarzenia\"],\"inLanguage\":\"en-US\",\"potentialAction\":[{\"@type\":\"CommentAction\",\"name\":\"Comment\",\"target\":[\"https:\/\/polandsoultravel.com\/en\/off-festival\/#respond\"]}]},{\"@type\":\"WebPage\",\"@id\":\"https:\/\/polandsoultravel.com\/en\/off-festival\/\",\"url\":\"https:\/\/polandsoultravel.com\/en\/off-festival\/\",\"name\":\"OFF Festival in Katowice - Poland Soul Travel - Wir laden Sie nach Polen im Slow-Stil ein\",\"isPartOf\":{\"@id\":\"https:\/\/polandsoultravel.com\/en\/#website\"},\"primaryImageOfPage\":{\"@id\":\"https:\/\/polandsoultravel.com\/en\/off-festival\/#primaryimage\"},\"image\":{\"@id\":\"https:\/\/polandsoultravel.com\/en\/off-festival\/#primaryimage\"},\"thumbnailUrl\":\"https:\/\/polandsoultravel.com\/wp-content\/uploads\/2022\/03\/OFF-Festival_2-fot.-Radoslaw-Kazmierczak.jpg\",\"datePublished\":\"2022-03-16T23:15:38+00:00\",\"dateModified\":\"2023-06-27T08:51:43+00:00\",\"inLanguage\":\"en-US\",\"potentialAction\":[{\"@type\":\"ReadAction\",\"target\":[\"https:\/\/polandsoultravel.com\/en\/off-festival\/\"]}]},{\"@type\":\"ImageObject\",\"inLanguage\":\"en-US\",\"@id\":\"https:\/\/polandsoultravel.com\/en\/off-festival\/#primaryimage\",\"url\":\"https:\/\/polandsoultravel.com\/wp-content\/uploads\/2022\/03\/OFF-Festival_2-fot.-Radoslaw-Kazmierczak.jpg\",\"contentUrl\":\"https:\/\/polandsoultravel.com\/wp-content\/uploads\/2022\/03\/OFF-Festival_2-fot.-Radoslaw-Kazmierczak.jpg\",\"width\":1920,\"height\":1281},{\"@type\":\"WebSite\",\"@id\":\"https:\/\/polandsoultravel.com\/en\/#website\",\"url\":\"https:\/\/polandsoultravel.com\/en\/\",\"name\":\"Poland Soul Travel - Wir laden Sie nach Polen im Slow-Stil ein\",\"description\":\"Zusammen mit unseren Fremdenf\u00fchrern, den Gastgebern von klimatischen G\u00e4steh\u00e4usern aus verschiedenen Teilen des Landes, lernen Sie f\u00fcnf einzigartige Regionen.\",\"publisher\":{\"@id\":\"https:\/\/polandsoultravel.com\/en\/#organization\"},\"potentialAction\":[{\"@type\":\"SearchAction\",\"target\":{\"@type\":\"EntryPoint\",\"urlTemplate\":\"https:\/\/polandsoultravel.com\/en\/?s={search_term_string}\"},\"query-input\":{\"@type\":\"PropertyValueSpecification\",\"valueRequired\":true,\"valueName\":\"search_term_string\"}}],\"inLanguage\":\"en-US\"},{\"@type\":\"Organization\",\"@id\":\"https:\/\/polandsoultravel.com\/en\/#organization\",\"name\":\"Poland Soul Travel - Wir laden Sie nach Polen im Slow-Stil ein\",\"url\":\"https:\/\/polandsoultravel.com\/en\/\",\"logo\":{\"@type\":\"ImageObject\",\"inLanguage\":\"en-US\",\"@id\":\"https:\/\/polandsoultravel.com\/en\/#\/schema\/logo\/image\/\",\"url\":\"https:\/\/polandsoultravel.com\/wp-content\/uploads\/2022\/02\/cropped-Vector-Smart-Object.png\",\"contentUrl\":\"https:\/\/polandsoultravel.com\/wp-content\/uploads\/2022\/02\/cropped-Vector-Smart-Object.png\",\"width\":174,\"height\":65,\"caption\":\"Poland Soul Travel - Wir laden Sie nach Polen im Slow-Stil ein\"},\"image\":{\"@id\":\"https:\/\/polandsoultravel.com\/en\/#\/schema\/logo\/image\/\"}},{\"@type\":\"Person\",\"@id\":\"https:\/\/polandsoultravel.com\/en\/#\/schema\/person\/11f8de18de8f3abe79f837e7aeb63d96\",\"name\":\"Marcin\"}]}<\/script>\n<!-- \/ Yoast SEO plugin. -->","yoast_head_json":{"title":"OFF Festival in Katowice - Poland Soul Travel - Wir laden Sie nach Polen im Slow-Stil ein","robots":{"index":"index","follow":"follow","max-snippet":"max-snippet:-1","max-image-preview":"max-image-preview:large","max-video-preview":"max-video-preview:-1"},"canonical":"https:\/\/polandsoultravel.com\/en\/off-festival\/","og_locale":"en_US","og_type":"article","og_title":"OFF Festival in Katowice - Poland Soul Travel - Wir laden Sie nach Polen im Slow-Stil ein","og_description":"OFF-Festival in Katowice. Im ersten Jahrzehnt des 21. Jahrhunderts gr\u00fcndete Artur Rojek, der Leiter der Rockband Myslovitz, die die Mode der britischen Pop- und Oasis-Musik nach Polen brachte, ein Musikfestival, das sich auf alternativen Rock aus der ganzen Welt konzentrierte. So entstand das OFF-Festival, das heute eines der wichtigsten Musikereignisse in Mitteleuropa und ein fester [&hellip;]","og_url":"https:\/\/polandsoultravel.com\/en\/off-festival\/","og_site_name":"Poland Soul Travel - Wir laden Sie nach Polen im Slow-Stil ein","article_published_time":"2022-03-16T23:15:38+00:00","article_modified_time":"2023-06-27T08:51:43+00:00","og_image":[{"width":1920,"height":1281,"url":"https:\/\/polandsoultravel.com\/wp-content\/uploads\/2022\/03\/OFF-Festival_2-fot.-Radoslaw-Kazmierczak.jpg","type":"image\/jpeg"}],"author":"Marcin","twitter_card":"summary_large_image","twitter_misc":{"Written by":"Marcin","Est. reading time":"2 minutes"},"schema":{"@context":"https:\/\/schema.org","@graph":[{"@type":"Article","@id":"https:\/\/polandsoultravel.com\/en\/off-festival\/#article","isPartOf":{"@id":"https:\/\/polandsoultravel.com\/en\/off-festival\/"},"author":{"name":"Marcin","@id":"https:\/\/polandsoultravel.com\/en\/#\/schema\/person\/11f8de18de8f3abe79f837e7aeb63d96"},"headline":"OFF Festival in Katowice","datePublished":"2022-03-16T23:15:38+00:00","dateModified":"2023-06-27T08:51:43+00:00","mainEntityOfPage":{"@id":"https:\/\/polandsoultravel.com\/en\/off-festival\/"},"wordCount":223,"commentCount":0,"publisher":{"@id":"https:\/\/polandsoultravel.com\/en\/#organization"},"image":{"@id":"https:\/\/polandsoultravel.com\/en\/off-festival\/#primaryimage"},"thumbnailUrl":"https:\/\/polandsoultravel.com\/wp-content\/uploads\/2022\/03\/OFF-Festival_2-fot.-Radoslaw-Kazmierczak.jpg","articleSection":["Opowie\u015b\u0107 &#8211; G\u00f3rny \u015al\u0105sk","Wydarzenia"],"inLanguage":"en-US","potentialAction":[{"@type":"CommentAction","name":"Comment","target":["https:\/\/polandsoultravel.com\/en\/off-festival\/#respond"]}]},{"@type":"WebPage","@id":"https:\/\/polandsoultravel.com\/en\/off-festival\/","url":"https:\/\/polandsoultravel.com\/en\/off-festival\/","name":"OFF Festival in Katowice - Poland Soul Travel - Wir laden Sie nach Polen im Slow-Stil ein","isPartOf":{"@id":"https:\/\/polandsoultravel.com\/en\/#website"},"primaryImageOfPage":{"@id":"https:\/\/polandsoultravel.com\/en\/off-festival\/#primaryimage"},"image":{"@id":"https:\/\/polandsoultravel.com\/en\/off-festival\/#primaryimage"},"thumbnailUrl":"https:\/\/polandsoultravel.com\/wp-content\/uploads\/2022\/03\/OFF-Festival_2-fot.-Radoslaw-Kazmierczak.jpg","datePublished":"2022-03-16T23:15:38+00:00","dateModified":"2023-06-27T08:51:43+00:00","inLanguage":"en-US","potentialAction":[{"@type":"ReadAction","target":["https:\/\/polandsoultravel.com\/en\/off-festival\/"]}]},{"@type":"ImageObject","inLanguage":"en-US","@id":"https:\/\/polandsoultravel.com\/en\/off-festival\/#primaryimage","url":"https:\/\/polandsoultravel.com\/wp-content\/uploads\/2022\/03\/OFF-Festival_2-fot.-Radoslaw-Kazmierczak.jpg","contentUrl":"https:\/\/polandsoultravel.com\/wp-content\/uploads\/2022\/03\/OFF-Festival_2-fot.-Radoslaw-Kazmierczak.jpg","width":1920,"height":1281},{"@type":"WebSite","@id":"https:\/\/polandsoultravel.com\/en\/#website","url":"https:\/\/polandsoultravel.com\/en\/","name":"Poland Soul Travel - Wir laden Sie nach Polen im Slow-Stil ein","description":"Zusammen mit unseren Fremdenf\u00fchrern, den Gastgebern von klimatischen G\u00e4steh\u00e4usern aus verschiedenen Teilen des Landes, lernen Sie f\u00fcnf einzigartige Regionen.","publisher":{"@id":"https:\/\/polandsoultravel.com\/en\/#organization"},"potentialAction":[{"@type":"SearchAction","target":{"@type":"EntryPoint","urlTemplate":"https:\/\/polandsoultravel.com\/en\/?s={search_term_string}"},"query-input":{"@type":"PropertyValueSpecification","valueRequired":true,"valueName":"search_term_string"}}],"inLanguage":"en-US"},{"@type":"Organization","@id":"https:\/\/polandsoultravel.com\/en\/#organization","name":"Poland Soul Travel - Wir laden Sie nach Polen im Slow-Stil ein","url":"https:\/\/polandsoultravel.com\/en\/","logo":{"@type":"ImageObject","inLanguage":"en-US","@id":"https:\/\/polandsoultravel.com\/en\/#\/schema\/logo\/image\/","url":"https:\/\/polandsoultravel.com\/wp-content\/uploads\/2022\/02\/cropped-Vector-Smart-Object.png","contentUrl":"https:\/\/polandsoultravel.com\/wp-content\/uploads\/2022\/02\/cropped-Vector-Smart-Object.png","width":174,"height":65,"caption":"Poland Soul Travel - Wir laden Sie nach Polen im Slow-Stil ein"},"image":{"@id":"https:\/\/polandsoultravel.com\/en\/#\/schema\/logo\/image\/"}},{"@type":"Person","@id":"https:\/\/polandsoultravel.com\/en\/#\/schema\/person\/11f8de18de8f3abe79f837e7aeb63d96","name":"Marcin"}]}},"_links":{"self":[{"href":"https:\/\/polandsoultravel.com\/en\/wp-json\/wp\/v2\/posts\/6542","targetHints":{"allow":["GET"]}}],"collection":[{"href":"https:\/\/polandsoultravel.com\/en\/wp-json\/wp\/v2\/posts"}],"about":[{"href":"https:\/\/polandsoultravel.com\/en\/wp-json\/wp\/v2\/types\/post"}],"author":[{"embeddable":true,"href":"https:\/\/polandsoultravel.com\/en\/wp-json\/wp\/v2\/users\/5"}],"replies":[{"embeddable":true,"href":"https:\/\/polandsoultravel.com\/en\/wp-json\/wp\/v2\/comments?post=6542"}],"version-history":[{"count":2,"href":"https:\/\/polandsoultravel.com\/en\/wp-json\/wp\/v2\/posts\/6542\/revisions"}],"predecessor-version":[{"id":7735,"href":"https:\/\/polandsoultravel.com\/en\/wp-json\/wp\/v2\/posts\/6542\/revisions\/7735"}],"wp:featuredmedia":[{"embeddable":true,"href":"https:\/\/polandsoultravel.com\/en\/wp-json\/wp\/v2\/media\/4857"}],"wp:attachment":[{"href":"https:\/\/polandsoultravel.com\/en\/wp-json\/wp\/v2\/media?parent=6542"}],"wp:term":[{"taxonomy":"category","embeddable":true,"href":"https:\/\/polandsoultravel.com\/en\/wp-json\/wp\/v2\/categories?post=6542"},{"taxonomy":"post_tag","embeddable":true,"href":"https:\/\/polandsoultravel.com\/en\/wp-json\/wp\/v2\/tags?post=6542"}],"curies":[{"name":"wp","href":"https:\/\/api.w.org\/{rel}","templated":true}]}}